{"id":12430,"date":"2019-01-08T20:00:53","date_gmt":"2019-01-08T19:00:53","guid":{"rendered":"https:\/\/fotografie-pg.de\/cms\/?p=12430"},"modified":"2019-01-10T20:05:41","modified_gmt":"2019-01-10T19:05:41","slug":"paarweise","status":"publish","type":"post","link":"https:\/\/fotografie-pg.de\/cms\/paarweise\/","title":{"rendered":"PAARWEISE"},"content":{"rendered":"<p><strong>&#8222;PAARWEISE&#8220;<\/strong> ist das aktuelle Thema in meiner <a href=\"http:\/\/www.fotogruppe-bs.de\/\" target=\"_blank\" rel=\"noopener\">Fotogruppe<\/a>. Und da ich mal wieder mehr als drei Fotos ausgew\u00e4hlt habe und mich nicht entscheiden kann, greife ich das Thema hier auch auf. Sicher w\u00fcrde ich bei intensiver Archivsuche noch mehr finden, doch das soll genug sein ;-)<\/p>\n<div id='gallery-1' class='gallery galleryid-12430 gallery-columns-3 gallery-size-thumbnail'><figure class='gallery-item'>\n\t\t\t<div class='gallery-icon landscape'>\n\t\t\t\t<a href='https:\/\/fotografie-pg.de\/cms\/wp-content\/uploads\/2019\/01\/IMG_1414-LR.jpg'><img loading=\"lazy\" decoding=\"async\" width=\"270\" height=\"180\" src=\"https:\/\/fotografie-pg.de\/cms\/wp-content\/uploads\/2019\/01\/IMG_1414-LR-270x180.jpg\" class=\"attachment-thumbnail size-thumbnail\" alt=\"Schirme im Schilf\" aria-describedby=\"gallery-1-12431\" srcset=\"https:\/\/fotografie-pg.de\/cms\/wp-content\/uploads\/2019\/01\/IMG_1414-LR-270x180.jpg 270w, https:\/\/fotografie-pg.de\/cms\/wp-content\/uploads\/2019\/01\/IMG_1414-LR-540x360.jpg 540w, https:\/\/fotografie-pg.de\/cms\/wp-content\/uploads\/2019\/01\/IMG_1414-LR-768x512.jpg 768w, https:\/\/fotografie-pg.de\/cms\/wp-content\/uploads\/2019\/01\/IMG_1414-LR-1024x683.jpg 1024w, https:\/\/fotografie-pg.de\/cms\/wp-content\/uploads\/2019\/01\/IMG_1414-LR-1400x933.jpg 1400w, https:\/\/fotografie-pg.de\/cms\/wp-content\/uploads\/2019\/01\/IMG_1414-LR-800x533.jpg 800w, https:\/\/fotografie-pg.de\/cms\/wp-content\/uploads\/2019\/01\/IMG_1414-LR.jpg 1500w\" sizes=\"(max-width: 270px) 100vw, 270px\" \/><\/a>\n\t\t\t<\/div>\n\t\t\t\t<figcaption class='wp-caption-text gallery-caption' id='gallery-1-12431'>\n\t\t\t\tSchirme im Schilf\n\t\t\t\t<\/figcaption><\/figure><figure class='gallery-item'>\n\t\t\t<div class='gallery-icon landscape'>\n\t\t\t\t<a href='https:\/\/fotografie-pg.de\/cms\/wp-content\/uploads\/2019\/01\/PG5_2819-LR.jpg'><img loading=\"lazy\" decoding=\"async\" width=\"270\" height=\"180\" src=\"https:\/\/fotografie-pg.de\/cms\/wp-content\/uploads\/2019\/01\/PG5_2819-LR-270x180.jpg\" class=\"attachment-thumbnail size-thumbnail\" alt=\"abgelegt\" aria-describedby=\"gallery-1-12436\" srcset=\"https:\/\/fotografie-pg.de\/cms\/wp-content\/uploads\/2019\/01\/PG5_2819-LR-270x180.jpg 270w, https:\/\/fotografie-pg.de\/cms\/wp-content\/uploads\/2019\/01\/PG5_2819-LR-540x360.jpg 540w, https:\/\/fotografie-pg.de\/cms\/wp-content\/uploads\/2019\/01\/PG5_2819-LR-768x512.jpg 768w, https:\/\/fotografie-pg.de\/cms\/wp-content\/uploads\/2019\/01\/PG5_2819-LR-1024x683.jpg 1024w, https:\/\/fotografie-pg.de\/cms\/wp-content\/uploads\/2019\/01\/PG5_2819-LR-1400x933.jpg 1400w, https:\/\/fotografie-pg.de\/cms\/wp-content\/uploads\/2019\/01\/PG5_2819-LR-800x533.jpg 800w, https:\/\/fotografie-pg.de\/cms\/wp-content\/uploads\/2019\/01\/PG5_2819-LR.jpg 1500w\" sizes=\"(max-width: 270px) 100vw, 270px\" \/><\/a>\n\t\t\t<\/div>\n\t\t\t\t<figcaption class='wp-caption-text gallery-caption' id='gallery-1-12436'>\n\t\t\t\tabgelegt\n\t\t\t\t<\/figcaption><\/figure><figure class='gallery-item'>\n\t\t\t<div class='gallery-icon landscape'>\n\t\t\t\t<a href='https:\/\/fotografie-pg.de\/cms\/wp-content\/uploads\/2019\/01\/PG128841-LR.jpg'><img loading=\"lazy\" decoding=\"async\" width=\"270\" height=\"180\" src=\"https:\/\/fotografie-pg.de\/cms\/wp-content\/uploads\/2019\/01\/PG128841-LR-270x180.jpg\" class=\"attachment-thumbnail size-thumbnail\" alt=\"Greetsieler Zwillingsm\u00fchlen\" aria-describedby=\"gallery-1-12438\" srcset=\"https:\/\/fotografie-pg.de\/cms\/wp-content\/uploads\/2019\/01\/PG128841-LR-270x180.jpg 270w, https:\/\/fotografie-pg.de\/cms\/wp-content\/uploads\/2019\/01\/PG128841-LR-540x360.jpg 540w, https:\/\/fotografie-pg.de\/cms\/wp-content\/uploads\/2019\/01\/PG128841-LR-768x512.jpg 768w, https:\/\/fotografie-pg.de\/cms\/wp-content\/uploads\/2019\/01\/PG128841-LR-1024x683.jpg 1024w, https:\/\/fotografie-pg.de\/cms\/wp-content\/uploads\/2019\/01\/PG128841-LR-1400x933.jpg 1400w, https:\/\/fotografie-pg.de\/cms\/wp-content\/uploads\/2019\/01\/PG128841-LR-800x533.jpg 800w, https:\/\/fotografie-pg.de\/cms\/wp-content\/uploads\/2019\/01\/PG128841-LR.jpg 1500w\" sizes=\"(max-width: 270px) 100vw, 270px\" \/><\/a>\n\t\t\t<\/div>\n\t\t\t\t<figcaption class='wp-caption-text gallery-caption' id='gallery-1-12438'>\n\t\t\t\tGreetsieler Zwillingsm\u00fchlen\n\t\t\t\t<\/figcaption><\/figure><figure class='gallery-item'>\n\t\t\t<div class='gallery-icon landscape'>\n\t\t\t\t<a href='https:\/\/fotografie-pg.de\/cms\/wp-content\/uploads\/2019\/01\/IMG_3313-LR.jpg'><img loading=\"lazy\" decoding=\"async\" width=\"270\" height=\"180\" src=\"https:\/\/fotografie-pg.de\/cms\/wp-content\/uploads\/2019\/01\/IMG_3313-LR-270x180.jpg\" class=\"attachment-thumbnail size-thumbnail\" alt=\"Spaziergang im Watt\" aria-describedby=\"gallery-1-12434\" srcset=\"https:\/\/fotografie-pg.de\/cms\/wp-content\/uploads\/2019\/01\/IMG_3313-LR-270x180.jpg 270w, https:\/\/fotografie-pg.de\/cms\/wp-content\/uploads\/2019\/01\/IMG_3313-LR-540x360.jpg 540w, https:\/\/fotografie-pg.de\/cms\/wp-content\/uploads\/2019\/01\/IMG_3313-LR-768x512.jpg 768w, https:\/\/fotografie-pg.de\/cms\/wp-content\/uploads\/2019\/01\/IMG_3313-LR-1024x683.jpg 1024w, https:\/\/fotografie-pg.de\/cms\/wp-content\/uploads\/2019\/01\/IMG_3313-LR-1400x933.jpg 1400w, https:\/\/fotografie-pg.de\/cms\/wp-content\/uploads\/2019\/01\/IMG_3313-LR-800x533.jpg 800w, https:\/\/fotografie-pg.de\/cms\/wp-content\/uploads\/2019\/01\/IMG_3313-LR.jpg 1500w\" sizes=\"(max-width: 270px) 100vw, 270px\" \/><\/a>\n\t\t\t<\/div>\n\t\t\t\t<figcaption class='wp-caption-text gallery-caption' id='gallery-1-12434'>\n\t\t\t\tSpaziergang im Watt\n\t\t\t\t<\/figcaption><\/figure><figure class='gallery-item'>\n\t\t\t<div class='gallery-icon landscape'>\n\t\t\t\t<a href='https:\/\/fotografie-pg.de\/cms\/wp-content\/uploads\/2019\/01\/IMG_3768_HDR-LR.jpg'><img loading=\"lazy\" decoding=\"async\" width=\"270\" height=\"180\" src=\"https:\/\/fotografie-pg.de\/cms\/wp-content\/uploads\/2019\/01\/IMG_3768_HDR-LR-270x180.jpg\" class=\"attachment-thumbnail size-thumbnail\" alt=\"durchgepustet\" aria-describedby=\"gallery-1-12435\" srcset=\"https:\/\/fotografie-pg.de\/cms\/wp-content\/uploads\/2019\/01\/IMG_3768_HDR-LR-270x180.jpg 270w, https:\/\/fotografie-pg.de\/cms\/wp-content\/uploads\/2019\/01\/IMG_3768_HDR-LR-540x360.jpg 540w, https:\/\/fotografie-pg.de\/cms\/wp-content\/uploads\/2019\/01\/IMG_3768_HDR-LR-768x512.jpg 768w, https:\/\/fotografie-pg.de\/cms\/wp-content\/uploads\/2019\/01\/IMG_3768_HDR-LR-1024x683.jpg 1024w, https:\/\/fotografie-pg.de\/cms\/wp-content\/uploads\/2019\/01\/IMG_3768_HDR-LR-1400x933.jpg 1400w, https:\/\/fotografie-pg.de\/cms\/wp-content\/uploads\/2019\/01\/IMG_3768_HDR-LR-800x533.jpg 800w, https:\/\/fotografie-pg.de\/cms\/wp-content\/uploads\/2019\/01\/IMG_3768_HDR-LR.jpg 1500w\" sizes=\"(max-width: 270px) 100vw, 270px\" \/><\/a>\n\t\t\t<\/div>\n\t\t\t\t<figcaption class='wp-caption-text gallery-caption' id='gallery-1-12435'>\n\t\t\t\tdurchgepustet\n\t\t\t\t<\/figcaption><\/figure><figure class='gallery-item'>\n\t\t\t<div class='gallery-icon landscape'>\n\t\t\t\t<a href='https:\/\/fotografie-pg.de\/cms\/wp-content\/uploads\/2019\/01\/PG126423-LR.jpg'><img loading=\"lazy\" decoding=\"async\" width=\"270\" height=\"180\" src=\"https:\/\/fotografie-pg.de\/cms\/wp-content\/uploads\/2019\/01\/PG126423-LR-270x180.jpg\" class=\"attachment-thumbnail size-thumbnail\" alt=\"Basst\u00f6lpel\" aria-describedby=\"gallery-1-12437\" srcset=\"https:\/\/fotografie-pg.de\/cms\/wp-content\/uploads\/2019\/01\/PG126423-LR-270x180.jpg 270w, https:\/\/fotografie-pg.de\/cms\/wp-content\/uploads\/2019\/01\/PG126423-LR-540x360.jpg 540w, https:\/\/fotografie-pg.de\/cms\/wp-content\/uploads\/2019\/01\/PG126423-LR-768x512.jpg 768w, https:\/\/fotografie-pg.de\/cms\/wp-content\/uploads\/2019\/01\/PG126423-LR-1024x683.jpg 1024w, https:\/\/fotografie-pg.de\/cms\/wp-content\/uploads\/2019\/01\/PG126423-LR-1400x933.jpg 1400w, https:\/\/fotografie-pg.de\/cms\/wp-content\/uploads\/2019\/01\/PG126423-LR-800x533.jpg 800w, https:\/\/fotografie-pg.de\/cms\/wp-content\/uploads\/2019\/01\/PG126423-LR.jpg 1500w\" sizes=\"(max-width: 270px) 100vw, 270px\" \/><\/a>\n\t\t\t<\/div>\n\t\t\t\t<figcaption class='wp-caption-text gallery-caption' id='gallery-1-12437'>\n\t\t\t\tBasst\u00f6lpel \n\t\t\t\t<\/figcaption><\/figure><figure class='gallery-item'>\n\t\t\t<div class='gallery-icon landscape'>\n\t\t\t\t<a href='https:\/\/fotografie-pg.de\/cms\/wp-content\/uploads\/2019\/01\/IMG_1841-LR.jpg'><img loading=\"lazy\" decoding=\"async\" width=\"270\" height=\"180\" src=\"https:\/\/fotografie-pg.de\/cms\/wp-content\/uploads\/2019\/01\/IMG_1841-LR-270x180.jpg\" class=\"attachment-thumbnail size-thumbnail\" alt=\"Die Z\u00e4rtlichkeit der St\u00f6rche\" aria-describedby=\"gallery-1-12433\" srcset=\"https:\/\/fotografie-pg.de\/cms\/wp-content\/uploads\/2019\/01\/IMG_1841-LR-270x180.jpg 270w, https:\/\/fotografie-pg.de\/cms\/wp-content\/uploads\/2019\/01\/IMG_1841-LR-540x360.jpg 540w, https:\/\/fotografie-pg.de\/cms\/wp-content\/uploads\/2019\/01\/IMG_1841-LR-768x512.jpg 768w, https:\/\/fotografie-pg.de\/cms\/wp-content\/uploads\/2019\/01\/IMG_1841-LR-1024x683.jpg 1024w, https:\/\/fotografie-pg.de\/cms\/wp-content\/uploads\/2019\/01\/IMG_1841-LR-1400x933.jpg 1400w, https:\/\/fotografie-pg.de\/cms\/wp-content\/uploads\/2019\/01\/IMG_1841-LR-800x533.jpg 800w, https:\/\/fotografie-pg.de\/cms\/wp-content\/uploads\/2019\/01\/IMG_1841-LR.jpg 1500w\" sizes=\"(max-width: 270px) 100vw, 270px\" \/><\/a>\n\t\t\t<\/div>\n\t\t\t\t<figcaption class='wp-caption-text gallery-caption' id='gallery-1-12433'>\n\t\t\t\tDie Z\u00e4rtlichkeit der St\u00f6rche\n\t\t\t\t<\/figcaption><\/figure><figure class='gallery-item'>\n\t\t\t<div class='gallery-icon landscape'>\n\t\t\t\t<a href='https:\/\/fotografie-pg.de\/cms\/wp-content\/uploads\/2019\/01\/IMG_1792-LR.jpg'><img loading=\"lazy\" decoding=\"async\" width=\"270\" height=\"180\" src=\"https:\/\/fotografie-pg.de\/cms\/wp-content\/uploads\/2019\/01\/IMG_1792-LR-270x180.jpg\" class=\"attachment-thumbnail size-thumbnail\" alt=\"Nutria on Ice\" aria-describedby=\"gallery-1-12432\" srcset=\"https:\/\/fotografie-pg.de\/cms\/wp-content\/uploads\/2019\/01\/IMG_1792-LR-270x180.jpg 270w, https:\/\/fotografie-pg.de\/cms\/wp-content\/uploads\/2019\/01\/IMG_1792-LR-540x360.jpg 540w, https:\/\/fotografie-pg.de\/cms\/wp-content\/uploads\/2019\/01\/IMG_1792-LR-768x512.jpg 768w, https:\/\/fotografie-pg.de\/cms\/wp-content\/uploads\/2019\/01\/IMG_1792-LR-1024x683.jpg 1024w, https:\/\/fotografie-pg.de\/cms\/wp-content\/uploads\/2019\/01\/IMG_1792-LR-1400x933.jpg 1400w, https:\/\/fotografie-pg.de\/cms\/wp-content\/uploads\/2019\/01\/IMG_1792-LR-800x533.jpg 800w, https:\/\/fotografie-pg.de\/cms\/wp-content\/uploads\/2019\/01\/IMG_1792-LR.jpg 1500w\" sizes=\"(max-width: 270px) 100vw, 270px\" \/><\/a>\n\t\t\t<\/div>\n\t\t\t\t<figcaption class='wp-caption-text gallery-caption' id='gallery-1-12432'>\n\t\t\t\tNutria on Ice\n\t\t\t\t<\/figcaption><\/figure><figure class='gallery-item'>\n\t\t\t<div class='gallery-icon landscape'>\n\t\t\t\t<a href='https:\/\/fotografie-pg.de\/cms\/wp-content\/uploads\/2018\/11\/IMG_8611-LR.jpg'><img loading=\"lazy\" decoding=\"async\" width=\"270\" height=\"180\" src=\"https:\/\/fotografie-pg.de\/cms\/wp-content\/uploads\/2018\/11\/IMG_8611-LR-270x180.jpg\" class=\"attachment-thumbnail size-thumbnail\" alt=\"H\u00f6ckerschw\u00e4ne in der Luft\" aria-describedby=\"gallery-1-12259\" srcset=\"https:\/\/fotografie-pg.de\/cms\/wp-content\/uploads\/2018\/11\/IMG_8611-LR-270x180.jpg 270w, https:\/\/fotografie-pg.de\/cms\/wp-content\/uploads\/2018\/11\/IMG_8611-LR-540x360.jpg 540w, https:\/\/fotografie-pg.de\/cms\/wp-content\/uploads\/2018\/11\/IMG_8611-LR-768x512.jpg 768w, https:\/\/fotografie-pg.de\/cms\/wp-content\/uploads\/2018\/11\/IMG_8611-LR-1024x683.jpg 1024w, https:\/\/fotografie-pg.de\/cms\/wp-content\/uploads\/2018\/11\/IMG_8611-LR-800x533.jpg 800w, https:\/\/fotografie-pg.de\/cms\/wp-content\/uploads\/2018\/11\/IMG_8611-LR.jpg 1200w\" sizes=\"(max-width: 270px) 100vw, 270px\" \/><\/a>\n\t\t\t<\/div>\n\t\t\t\t<figcaption class='wp-caption-text gallery-caption' id='gallery-1-12259'>\n\t\t\t\tH\u00f6ckerschw\u00e4ne in der Luft\n\t\t\t\t<\/figcaption><\/figure><figure class='gallery-item'>\n\t\t\t<div class='gallery-icon landscape'>\n\t\t\t\t<a href='https:\/\/fotografie-pg.de\/cms\/wp-content\/uploads\/2018\/11\/IMG_3980-LR.jpg'><img loading=\"lazy\" decoding=\"async\" width=\"270\" height=\"180\" src=\"https:\/\/fotografie-pg.de\/cms\/wp-content\/uploads\/2018\/11\/IMG_3980-LR-270x180.jpg\" class=\"attachment-thumbnail size-thumbnail\" alt=\"Reiherentenpaar\" aria-describedby=\"gallery-1-12289\" srcset=\"https:\/\/fotografie-pg.de\/cms\/wp-content\/uploads\/2018\/11\/IMG_3980-LR-270x180.jpg 270w, https:\/\/fotografie-pg.de\/cms\/wp-content\/uploads\/2018\/11\/IMG_3980-LR-540x360.jpg 540w, https:\/\/fotografie-pg.de\/cms\/wp-content\/uploads\/2018\/11\/IMG_3980-LR-768x512.jpg 768w, https:\/\/fotografie-pg.de\/cms\/wp-content\/uploads\/2018\/11\/IMG_3980-LR-1024x683.jpg 1024w, https:\/\/fotografie-pg.de\/cms\/wp-content\/uploads\/2018\/11\/IMG_3980-LR-800x533.jpg 800w, https:\/\/fotografie-pg.de\/cms\/wp-content\/uploads\/2018\/11\/IMG_3980-LR.jpg 1200w\" sizes=\"(max-width: 270px) 100vw, 270px\" \/><\/a>\n\t\t\t<\/div>\n\t\t\t\t<figcaption class='wp-caption-text gallery-caption' id='gallery-1-12289'>\n\t\t\t\tReiherentenpaar\n\t\t\t\t<\/figcaption><\/figure><figure class='gallery-item'>\n\t\t\t<div class='gallery-icon landscape'>\n\t\t\t\t<a href='https:\/\/fotografie-pg.de\/cms\/wp-content\/uploads\/2018\/12\/PG129427-LR.jpg'><img loading=\"lazy\" decoding=\"async\" width=\"270\" height=\"180\" src=\"https:\/\/fotografie-pg.de\/cms\/wp-content\/uploads\/2018\/12\/PG129427-LR-270x180.jpg\" class=\"attachment-thumbnail size-thumbnail\" alt=\"Schachbrett\" aria-describedby=\"gallery-1-12406\" srcset=\"https:\/\/fotografie-pg.de\/cms\/wp-content\/uploads\/2018\/12\/PG129427-LR-270x180.jpg 270w, https:\/\/fotografie-pg.de\/cms\/wp-content\/uploads\/2018\/12\/PG129427-LR-540x360.jpg 540w, https:\/\/fotografie-pg.de\/cms\/wp-content\/uploads\/2018\/12\/PG129427-LR-768x512.jpg 768w, https:\/\/fotografie-pg.de\/cms\/wp-content\/uploads\/2018\/12\/PG129427-LR-1024x683.jpg 1024w, https:\/\/fotografie-pg.de\/cms\/wp-content\/uploads\/2018\/12\/PG129427-LR-800x533.jpg 800w, https:\/\/fotografie-pg.de\/cms\/wp-content\/uploads\/2018\/12\/PG129427-LR.jpg 1200w\" sizes=\"(max-width: 270px) 100vw, 270px\" \/><\/a>\n\t\t\t<\/div>\n\t\t\t\t<figcaption class='wp-caption-text gallery-caption' id='gallery-1-12406'>\n\t\t\t\tSchachbrettfalter und Bl\u00e4uling\n\t\t\t\t<\/figcaption><\/figure><figure class='gallery-item'>\n\t\t\t<div class='gallery-icon landscape'>\n\t\t\t\t<a href='https:\/\/fotografie-pg.de\/cms\/wp-content\/uploads\/2018\/11\/IMG_3845-LR.jpg'><img loading=\"lazy\" decoding=\"async\" width=\"270\" height=\"180\" src=\"https:\/\/fotografie-pg.de\/cms\/wp-content\/uploads\/2018\/11\/IMG_3845-LR-270x180.jpg\" class=\"attachment-thumbnail size-thumbnail\" alt=\"&quot;JA, ich will ... &quot; :-)\" aria-describedby=\"gallery-1-12288\" srcset=\"https:\/\/fotografie-pg.de\/cms\/wp-content\/uploads\/2018\/11\/IMG_3845-LR-270x180.jpg 270w, https:\/\/fotografie-pg.de\/cms\/wp-content\/uploads\/2018\/11\/IMG_3845-LR-540x360.jpg 540w, https:\/\/fotografie-pg.de\/cms\/wp-content\/uploads\/2018\/11\/IMG_3845-LR-768x512.jpg 768w, https:\/\/fotografie-pg.de\/cms\/wp-content\/uploads\/2018\/11\/IMG_3845-LR-1024x683.jpg 1024w, https:\/\/fotografie-pg.de\/cms\/wp-content\/uploads\/2018\/11\/IMG_3845-LR-800x533.jpg 800w, https:\/\/fotografie-pg.de\/cms\/wp-content\/uploads\/2018\/11\/IMG_3845-LR.jpg 1200w\" sizes=\"(max-width: 270px) 100vw, 270px\" \/><\/a>\n\t\t\t<\/div>\n\t\t\t\t<figcaption class='wp-caption-text gallery-caption' id='gallery-1-12288'>\n\t\t\t\t&#8222;JA, ich will &#8230; &#8220; :-)\n\t\t\t\t<\/figcaption><\/figure>\n\t\t<\/div>\n\n","protected":false},"excerpt":{"rendered":"<p>&#8222;paarweise&#8220; ist das aktuelle Thema in meiner Fotogruppe. Und da ich mal wieder mehr als drei Fotos ausgew\u00e4hlt habe, greife ich das Thema hier auch auf. Sicher w\u00fcrde ich bei intensiver Archivsuche noch mehr finden, doch das soll genug sein ;-)<\/p>\n","protected":false},"author":2,"featured_media":12434,"comment_status":"open","ping_status":"closed","sticky":false,"template":"","format":"gallery","meta":{"_uag_custom_page_level_css":"","site-sidebar-layout":"default","site-content-layout":"","ast-site-content-layout":"default","site-content-style":"default","site-sidebar-style":"default","ast-global-header-display":"","ast-banner-title-visibility":"","ast-main-header-display":"","ast-hfb-above-header-display":"","ast-hfb-below-header-display":"","ast-hfb-mobile-header-display":"","site-post-title":"","ast-breadcrumbs-content":"","ast-featured-img":"","footer-sml-layout":"","ast-disable-related-posts":"","theme-transparent-header-meta":"","adv-header-id-meta":"","stick-header-meta":"","header-above-stick-meta":"","header-main-stick-meta":"","header-below-stick-meta":"","astra-migrate-meta-layouts":"default","ast-page-background-enabled":"default","ast-page-background-meta":{"desktop":{"background-color":"","background-image":"","background-repeat":"repeat","background-position":"center center","background-size":"auto","background-attachment":"scroll","background-type":"","background-media":"","overlay-type":"","overlay-color":"","overlay-opacity":"","overlay-gradient":""},"tablet":{"background-color":"","background-image":"","background-repeat":"repeat","background-position":"center center","background-size":"auto","background-attachment":"scroll","background-type":"","background-media":"","overlay-type":"","overlay-color":"","overlay-opacity":"","overlay-gradient":""},"mobile":{"background-color":"","background-image":"","background-repeat":"repeat","background-position":"center center","background-size":"auto","background-attachment":"scroll","background-type":"","background-media":"","overlay-type":"","overlay-color":"","overlay-opacity":"","overlay-gradient":""}},"ast-content-background-meta":{"desktop":{"background-color":"var(--ast-global-color-5)","background-image":"","background-repeat":"repeat","background-position":"center center","background-size":"auto","background-attachment":"scroll","background-type":"","background-media":"","overlay-type":"","overlay-color":"","overlay-opacity":"","overlay-gradient":""},"tablet":{"background-color":"var(--ast-global-color-5)","background-image":"","background-repeat":"repeat","background-position":"center center","background-size":"auto","background-attachment":"scroll","background-type":"","background-media":"","overlay-type":"","overlay-color":"","overlay-opacity":"","overlay-gradient":""},"mobile":{"background-color":"var(--ast-global-color-5)","background-image":"","background-repeat":"repeat","background-position":"center center","background-size":"auto","background-attachment":"scroll","background-type":"","background-media":"","overlay-type":"","overlay-color":"","overlay-opacity":"","overlay-gradient":""}},"footnotes":""},"categories":[63,145],"tags":[228,229,227,97,110,233,230,207,90,206,68,231,226],"yoast_head":"<!-- This site is optimized with the Yoast SEO plugin v24.5 - https:\/\/yoast.com\/wordpress\/plugins\/seo\/ -->\n<title>PAARWEISE &#8211; fotografie - pg<\/title>\n<meta name=\"robots\" content=\"index, follow, max-snippet:-1, max-image-preview:large, max-video-preview:-1\" \/>\n<link rel=\"canonical\" href=\"https:\/\/fotografie-pg.de\/cms\/paarweise\/\" \/>\n<meta property=\"og:locale\" content=\"de_DE\" \/>\n<meta property=\"og:type\" content=\"article\" \/>\n<meta property=\"og:title\" content=\"PAARWEISE &#8211; fotografie - pg\" \/>\n<meta property=\"og:description\" content=\"&quot;paarweise&quot; ist das aktuelle Thema in meiner Fotogruppe. Und da ich mal wieder mehr als drei Fotos ausgew\u00e4hlt habe, greife ich das Thema hier auch auf. Sicher w\u00fcrde ich bei intensiver Archivsuche noch mehr finden, doch das soll genug sein ;-)\" \/>\n<meta property=\"og:url\" content=\"https:\/\/fotografie-pg.de\/cms\/paarweise\/\" \/>\n<meta property=\"og:site_name\" content=\"fotografie - pg\" \/>\n<meta property=\"article:publisher\" content=\"https:\/\/www.facebook.com\/petragertitschke\" \/>\n<meta property=\"article:author\" content=\"https:\/\/www.facebook.com\/petragertitschke\" \/>\n<meta property=\"article:published_time\" content=\"2019-01-08T19:00:53+00:00\" \/>\n<meta property=\"article:modified_time\" content=\"2019-01-10T19:05:41+00:00\" \/>\n<meta property=\"og:image\" content=\"https:\/\/fotografie-pg.de\/cms\/wp-content\/uploads\/2019\/01\/IMG_3313-LR.jpg\" \/>\n\t<meta property=\"og:image:width\" content=\"1500\" \/>\n\t<meta property=\"og:image:height\" content=\"1000\" \/>\n\t<meta property=\"og:image:type\" content=\"image\/jpeg\" \/>\n<meta name=\"author\" content=\"pETRA\" \/>\n<meta name=\"twitter:label1\" content=\"Verfasst von\" \/>\n\t<meta name=\"twitter:data1\" content=\"pETRA\" \/>\n<script type=\"application\/ld+json\" class=\"yoast-schema-graph\">{\"@context\":\"https:\/\/schema.org\",\"@graph\":[{\"@type\":\"Article\",\"@id\":\"https:\/\/fotografie-pg.de\/cms\/paarweise\/#article\",\"isPartOf\":{\"@id\":\"https:\/\/fotografie-pg.de\/cms\/paarweise\/\"},\"author\":{\"name\":\"pETRA\",\"@id\":\"https:\/\/fotografie-pg.de\/cms\/#\/schema\/person\/7af96c24212578b724c22786968af8a7\"},\"headline\":\"PAARWEISE\",\"datePublished\":\"2019-01-08T19:00:53+00:00\",\"dateModified\":\"2019-01-10T19:05:41+00:00\",\"mainEntityOfPage\":{\"@id\":\"https:\/\/fotografie-pg.de\/cms\/paarweise\/\"},\"wordCount\":53,\"commentCount\":4,\"publisher\":{\"@id\":\"https:\/\/fotografie-pg.de\/cms\/#\/schema\/person\/3bfa8b4fdbe329cb32af3efc362fdece\"},\"image\":{\"@id\":\"https:\/\/fotografie-pg.de\/cms\/paarweise\/#primaryimage\"},\"thumbnailUrl\":\"https:\/\/fotografie-pg.de\/cms\/wp-content\/uploads\/2019\/01\/IMG_3313-LR.jpg\",\"keywords\":[\"Basst\u00f6lpel\",\"Ente\",\"Helm\",\"Historische Geb\u00e4ude\",\"Natur\",\"Nutria\",\"Schafe\",\"Schwan\",\"See\",\"Tiere\",\"Wasser\",\"Wattenmeer\",\"Windm\u00fchlen\"],\"articleSection\":[\"FotoBlog\",\"Galerie\"],\"inLanguage\":\"de\",\"potentialAction\":[{\"@type\":\"CommentAction\",\"name\":\"Comment\",\"target\":[\"https:\/\/fotografie-pg.de\/cms\/paarweise\/#respond\"]}]},{\"@type\":\"WebPage\",\"@id\":\"https:\/\/fotografie-pg.de\/cms\/paarweise\/\",\"url\":\"https:\/\/fotografie-pg.de\/cms\/paarweise\/\",\"name\":\"PAARWEISE &#8211; fotografie - pg\",\"isPartOf\":{\"@id\":\"https:\/\/fotografie-pg.de\/cms\/#website\"},\"primaryImageOfPage\":{\"@id\":\"https:\/\/fotografie-pg.de\/cms\/paarweise\/#primaryimage\"},\"image\":{\"@id\":\"https:\/\/fotografie-pg.de\/cms\/paarweise\/#primaryimage\"},\"thumbnailUrl\":\"https:\/\/fotografie-pg.de\/cms\/wp-content\/uploads\/2019\/01\/IMG_3313-LR.jpg\",\"datePublished\":\"2019-01-08T19:00:53+00:00\",\"dateModified\":\"2019-01-10T19:05:41+00:00\",\"breadcrumb\":{\"@id\":\"https:\/\/fotografie-pg.de\/cms\/paarweise\/#breadcrumb\"},\"inLanguage\":\"de\",\"potentialAction\":[{\"@type\":\"ReadAction\",\"target\":[\"https:\/\/fotografie-pg.de\/cms\/paarweise\/\"]}]},{\"@type\":\"ImageObject\",\"inLanguage\":\"de\",\"@id\":\"https:\/\/fotografie-pg.de\/cms\/paarweise\/#primaryimage\",\"url\":\"https:\/\/fotografie-pg.de\/cms\/wp-content\/uploads\/2019\/01\/IMG_3313-LR.jpg\",\"contentUrl\":\"https:\/\/fotografie-pg.de\/cms\/wp-content\/uploads\/2019\/01\/IMG_3313-LR.jpg\",\"width\":1500,\"height\":1000,\"caption\":\"Spaziergang im Watt\"},{\"@type\":\"BreadcrumbList\",\"@id\":\"https:\/\/fotografie-pg.de\/cms\/paarweise\/#breadcrumb\",\"itemListElement\":[{\"@type\":\"ListItem\",\"position\":1,\"name\":\"Home\",\"item\":\"https:\/\/fotografie-pg.de\/cms\/\"},{\"@type\":\"ListItem\",\"position\":2,\"name\":\"PAARWEISE\"}]},{\"@type\":\"WebSite\",\"@id\":\"https:\/\/fotografie-pg.de\/cms\/#website\",\"url\":\"https:\/\/fotografie-pg.de\/cms\/\",\"name\":\"fotografie - pg\",\"description\":\"Momente - Erinnerungen - Emotionen\",\"publisher\":{\"@id\":\"https:\/\/fotografie-pg.de\/cms\/#\/schema\/person\/3bfa8b4fdbe329cb32af3efc362fdece\"},\"potentialAction\":[{\"@type\":\"SearchAction\",\"target\":{\"@type\":\"EntryPoint\",\"urlTemplate\":\"https:\/\/fotografie-pg.de\/cms\/?s={search_term_string}\"},\"query-input\":{\"@type\":\"PropertyValueSpecification\",\"valueRequired\":true,\"valueName\":\"search_term_string\"}}],\"inLanguage\":\"de\"},{\"@type\":[\"Person\",\"Organization\"],\"@id\":\"https:\/\/fotografie-pg.de\/cms\/#\/schema\/person\/3bfa8b4fdbe329cb32af3efc362fdece\",\"name\":\"pETRA\",\"image\":{\"@type\":\"ImageObject\",\"inLanguage\":\"de\",\"@id\":\"https:\/\/fotografie-pg.de\/cms\/#\/schema\/person\/image\/\",\"url\":\"https:\/\/fotografie-pg.de\/cms\/wp-content\/uploads\/2017\/08\/cropped-cropped-logo-org-1.png\",\"contentUrl\":\"https:\/\/fotografie-pg.de\/cms\/wp-content\/uploads\/2017\/08\/cropped-cropped-logo-org-1.png\",\"width\":250,\"height\":250,\"caption\":\"pETRA\"},\"logo\":{\"@id\":\"https:\/\/fotografie-pg.de\/cms\/#\/schema\/person\/image\/\"},\"description\":\"- nicht ohne meine Kamera -\",\"sameAs\":[\"https:\/\/www.facebook.com\/petragertitschke\",\"https:\/\/www.instagram.com\/blue.maris\/\"]},{\"@type\":\"Person\",\"@id\":\"https:\/\/fotografie-pg.de\/cms\/#\/schema\/person\/7af96c24212578b724c22786968af8a7\",\"name\":\"pETRA\",\"description\":\"... nicht ohne meine Kamera ...\",\"sameAs\":[\"https:\/\/fotografie-pg.de\",\"https:\/\/www.facebook.com\/petragertitschke\"],\"url\":\"https:\/\/fotografie-pg.de\/cms\/author\/petraxa\/\"}]}<\/script>\n<!-- \/ Yoast SEO plugin. -->","yoast_head_json":{"title":"PAARWEISE &#8211; fotografie - pg","robots":{"index":"index","follow":"follow","max-snippet":"max-snippet:-1","max-image-preview":"max-image-preview:large","max-video-preview":"max-video-preview:-1"},"canonical":"https:\/\/fotografie-pg.de\/cms\/paarweise\/","og_locale":"de_DE","og_type":"article","og_title":"PAARWEISE &#8211; fotografie - pg","og_description":"\"paarweise\" ist das aktuelle Thema in meiner Fotogruppe. Und da ich mal wieder mehr als drei Fotos ausgew\u00e4hlt habe, greife ich das Thema hier auch auf. Sicher w\u00fcrde ich bei intensiver Archivsuche noch mehr finden, doch das soll genug sein ;-)","og_url":"https:\/\/fotografie-pg.de\/cms\/paarweise\/","og_site_name":"fotografie - pg","article_publisher":"https:\/\/www.facebook.com\/petragertitschke","article_author":"https:\/\/www.facebook.com\/petragertitschke","article_published_time":"2019-01-08T19:00:53+00:00","article_modified_time":"2019-01-10T19:05:41+00:00","og_image":[{"width":1500,"height":1000,"url":"https:\/\/fotografie-pg.de\/cms\/wp-content\/uploads\/2019\/01\/IMG_3313-LR.jpg","type":"image\/jpeg"}],"author":"pETRA","twitter_misc":{"Verfasst von":"pETRA"},"schema":{"@context":"https:\/\/schema.org","@graph":[{"@type":"Article","@id":"https:\/\/fotografie-pg.de\/cms\/paarweise\/#article","isPartOf":{"@id":"https:\/\/fotografie-pg.de\/cms\/paarweise\/"},"author":{"name":"pETRA","@id":"https:\/\/fotografie-pg.de\/cms\/#\/schema\/person\/7af96c24212578b724c22786968af8a7"},"headline":"PAARWEISE","datePublished":"2019-01-08T19:00:53+00:00","dateModified":"2019-01-10T19:05:41+00:00","mainEntityOfPage":{"@id":"https:\/\/fotografie-pg.de\/cms\/paarweise\/"},"wordCount":53,"commentCount":4,"publisher":{"@id":"https:\/\/fotografie-pg.de\/cms\/#\/schema\/person\/3bfa8b4fdbe329cb32af3efc362fdece"},"image":{"@id":"https:\/\/fotografie-pg.de\/cms\/paarweise\/#primaryimage"},"thumbnailUrl":"https:\/\/fotografie-pg.de\/cms\/wp-content\/uploads\/2019\/01\/IMG_3313-LR.jpg","keywords":["Basst\u00f6lpel","Ente","Helm","Historische Geb\u00e4ude","Natur","Nutria","Schafe","Schwan","See","Tiere","Wasser","Wattenmeer","Windm\u00fchlen"],"articleSection":["FotoBlog","Galerie"],"inLanguage":"de","potentialAction":[{"@type":"CommentAction","name":"Comment","target":["https:\/\/fotografie-pg.de\/cms\/paarweise\/#respond"]}]},{"@type":"WebPage","@id":"https:\/\/fotografie-pg.de\/cms\/paarweise\/","url":"https:\/\/fotografie-pg.de\/cms\/paarweise\/","name":"PAARWEISE &#8211; fotografie - pg","isPartOf":{"@id":"https:\/\/fotografie-pg.de\/cms\/#website"},"primaryImageOfPage":{"@id":"https:\/\/fotografie-pg.de\/cms\/paarweise\/#primaryimage"},"image":{"@id":"https:\/\/fotografie-pg.de\/cms\/paarweise\/#primaryimage"},"thumbnailUrl":"https:\/\/fotografie-pg.de\/cms\/wp-content\/uploads\/2019\/01\/IMG_3313-LR.jpg","datePublished":"2019-01-08T19:00:53+00:00","dateModified":"2019-01-10T19:05:41+00:00","breadcrumb":{"@id":"https:\/\/fotografie-pg.de\/cms\/paarweise\/#breadcrumb"},"inLanguage":"de","potentialAction":[{"@type":"ReadAction","target":["https:\/\/fotografie-pg.de\/cms\/paarweise\/"]}]},{"@type":"ImageObject","inLanguage":"de","@id":"https:\/\/fotografie-pg.de\/cms\/paarweise\/#primaryimage","url":"https:\/\/fotografie-pg.de\/cms\/wp-content\/uploads\/2019\/01\/IMG_3313-LR.jpg","contentUrl":"https:\/\/fotografie-pg.de\/cms\/wp-content\/uploads\/2019\/01\/IMG_3313-LR.jpg","width":1500,"height":1000,"caption":"Spaziergang im Watt"},{"@type":"BreadcrumbList","@id":"https:\/\/fotografie-pg.de\/cms\/paarweise\/#breadcrumb","itemListElement":[{"@type":"ListItem","position":1,"name":"Home","item":"https:\/\/fotografie-pg.de\/cms\/"},{"@type":"ListItem","position":2,"name":"PAARWEISE"}]},{"@type":"WebSite","@id":"https:\/\/fotografie-pg.de\/cms\/#website","url":"https:\/\/fotografie-pg.de\/cms\/","name":"fotografie - pg","description":"Momente - Erinnerungen - Emotionen","publisher":{"@id":"https:\/\/fotografie-pg.de\/cms\/#\/schema\/person\/3bfa8b4fdbe329cb32af3efc362fdece"},"potentialAction":[{"@type":"SearchAction","target":{"@type":"EntryPoint","urlTemplate":"https:\/\/fotografie-pg.de\/cms\/?s={search_term_string}"},"query-input":{"@type":"PropertyValueSpecification","valueRequired":true,"valueName":"search_term_string"}}],"inLanguage":"de"},{"@type":["Person","Organization"],"@id":"https:\/\/fotografie-pg.de\/cms\/#\/schema\/person\/3bfa8b4fdbe329cb32af3efc362fdece","name":"pETRA","image":{"@type":"ImageObject","inLanguage":"de","@id":"https:\/\/fotografie-pg.de\/cms\/#\/schema\/person\/image\/","url":"https:\/\/fotografie-pg.de\/cms\/wp-content\/uploads\/2017\/08\/cropped-cropped-logo-org-1.png","contentUrl":"https:\/\/fotografie-pg.de\/cms\/wp-content\/uploads\/2017\/08\/cropped-cropped-logo-org-1.png","width":250,"height":250,"caption":"pETRA"},"logo":{"@id":"https:\/\/fotografie-pg.de\/cms\/#\/schema\/person\/image\/"},"description":"- nicht ohne meine Kamera -","sameAs":["https:\/\/www.facebook.com\/petragertitschke","https:\/\/www.instagram.com\/blue.maris\/"]},{"@type":"Person","@id":"https:\/\/fotografie-pg.de\/cms\/#\/schema\/person\/7af96c24212578b724c22786968af8a7","name":"pETRA","description":"... nicht ohne meine Kamera ...","sameAs":["https:\/\/fotografie-pg.de","https:\/\/www.facebook.com\/petragertitschke"],"url":"https:\/\/fotografie-pg.de\/cms\/author\/petraxa\/"}]}},"uagb_featured_image_src":{"full":["https:\/\/fotografie-pg.de\/cms\/wp-content\/uploads\/2019\/01\/IMG_3313-LR.jpg",1500,1000,false],"thumbnail":["https:\/\/fotografie-pg.de\/cms\/wp-content\/uploads\/2019\/01\/IMG_3313-LR-270x180.jpg",270,180,true],"medium":["https:\/\/fotografie-pg.de\/cms\/wp-content\/uploads\/2019\/01\/IMG_3313-LR-540x360.jpg",540,360,true],"medium_large":["https:\/\/fotografie-pg.de\/cms\/wp-content\/uploads\/2019\/01\/IMG_3313-LR-768x512.jpg",768,512,true],"large":["https:\/\/fotografie-pg.de\/cms\/wp-content\/uploads\/2019\/01\/IMG_3313-LR-1024x683.jpg",1000,667,true],"1536x1536":["https:\/\/fotografie-pg.de\/cms\/wp-content\/uploads\/2019\/01\/IMG_3313-LR.jpg",1500,1000,false],"2048x2048":["https:\/\/fotografie-pg.de\/cms\/wp-content\/uploads\/2019\/01\/IMG_3313-LR.jpg",1500,1000,false]},"uagb_author_info":{"display_name":"pETRA","author_link":"https:\/\/fotografie-pg.de\/cms\/author\/petraxa\/"},"uagb_comment_info":4,"uagb_excerpt":"\"paarweise\" ist das aktuelle Thema in meiner Fotogruppe. Und da ich mal wieder mehr als drei Fotos ausgew\u00e4hlt habe, greife ich das Thema hier auch auf. Sicher w\u00fcrde ich bei intensiver Archivsuche noch mehr finden, doch das soll genug sein ;-)","_links":{"self":[{"href":"https:\/\/fotografie-pg.de\/cms\/wp-json\/wp\/v2\/posts\/12430"}],"collection":[{"href":"https:\/\/fotografie-pg.de\/cms\/wp-json\/wp\/v2\/posts"}],"about":[{"href":"https:\/\/fotografie-pg.de\/cms\/wp-json\/wp\/v2\/types\/post"}],"author":[{"embeddable":true,"href":"https:\/\/fotografie-pg.de\/cms\/wp-json\/wp\/v2\/users\/2"}],"replies":[{"embeddable":true,"href":"https:\/\/fotografie-pg.de\/cms\/wp-json\/wp\/v2\/comments?post=12430"}],"version-history":[{"count":0,"href":"https:\/\/fotografie-pg.de\/cms\/wp-json\/wp\/v2\/posts\/12430\/revisions"}],"wp:featuredmedia":[{"embeddable":true,"href":"https:\/\/fotografie-pg.de\/cms\/wp-json\/wp\/v2\/media\/12434"}],"wp:attachment":[{"href":"https:\/\/fotografie-pg.de\/cms\/wp-json\/wp\/v2\/media?parent=12430"}],"wp:term":[{"taxonomy":"category","embeddable":true,"href":"https:\/\/fotografie-pg.de\/cms\/wp-json\/wp\/v2\/categories?post=12430"},{"taxonomy":"post_tag","embeddable":true,"href":"https:\/\/fotografie-pg.de\/cms\/wp-json\/wp\/v2\/tags?post=12430"}],"curies":[{"name":"wp","href":"https:\/\/api.w.org\/{rel}","templated":true}]}}