{"id":13104,"date":"2021-04-10T17:05:09","date_gmt":"2021-04-10T15:05:09","guid":{"rendered":"https:\/\/fotografie-pg.de\/cms\/?p=13104"},"modified":"2021-04-10T23:38:28","modified_gmt":"2021-04-10T21:38:28","slug":"zeit-der-magnolien","status":"publish","type":"post","link":"https:\/\/fotografie-pg.de\/cms\/zeit-der-magnolien\/","title":{"rendered":"Zeit der Magnolien"},"content":{"rendered":"<p>&#8230; und wieder muss sich jede einzelne Bl\u00fcte gegen die arktischen Temperaturen behaupten. Die erste dieses Trios hat es geschafft und trifft sich hier noch mit zwei Vorg\u00e4ngerinnen vom letzten Jahr, die mit Lensbaby aufgenommen wurden &#8211; <em>Klick macht gr\u00f6\u00dfer<\/em><\/p>\n<p>\u2665 pETRA<\/p>\n<div id='gallery-1' class='gallery galleryid-13104 gallery-columns-1 gallery-size-large'><figure class='gallery-item'>\n\t\t\t<div class='gallery-icon landscape'>\n\t\t\t\t<a href='https:\/\/fotografie-pg.de\/cms\/wp-content\/uploads\/2021\/04\/MG_7275-bearbeitet-LR.jpg'><img loading=\"lazy\" decoding=\"async\" width=\"1000\" height=\"667\" src=\"https:\/\/fotografie-pg.de\/cms\/wp-content\/uploads\/2021\/04\/MG_7275-bearbeitet-LR-1000x667.jpg\" class=\"attachment-large size-large\" alt=\"\" aria-describedby=\"gallery-1-13105\" srcset=\"https:\/\/fotografie-pg.de\/cms\/wp-content\/uploads\/2021\/04\/MG_7275-bearbeitet-LR-1000x667.jpg 1000w, https:\/\/fotografie-pg.de\/cms\/wp-content\/uploads\/2021\/04\/MG_7275-bearbeitet-LR-540x360.jpg 540w, https:\/\/fotografie-pg.de\/cms\/wp-content\/uploads\/2021\/04\/MG_7275-bearbeitet-LR-300x200.jpg 300w, https:\/\/fotografie-pg.de\/cms\/wp-content\/uploads\/2021\/04\/MG_7275-bearbeitet-LR-768x512.jpg 768w, https:\/\/fotografie-pg.de\/cms\/wp-content\/uploads\/2021\/04\/MG_7275-bearbeitet-LR.jpg 1200w\" sizes=\"(max-width: 1000px) 100vw, 1000px\" \/><\/a>\n\t\t\t<\/div>\n\t\t\t\t<figcaption class='wp-caption-text gallery-caption' id='gallery-1-13105'>\n\t\t\t\tMagnolienbl\u00fcte 2021\n\t\t\t\t<\/figcaption><\/figure><figure class='gallery-item'>\n\t\t\t<div class='gallery-icon landscape'>\n\t\t\t\t<a href='https:\/\/fotografie-pg.de\/cms\/wp-content\/uploads\/2021\/04\/MG_4281-LR.jpg'><img loading=\"lazy\" decoding=\"async\" width=\"1000\" height=\"667\" src=\"https:\/\/fotografie-pg.de\/cms\/wp-content\/uploads\/2021\/04\/MG_4281-LR-1000x667.jpg\" class=\"attachment-large size-large\" alt=\"\" aria-describedby=\"gallery-1-13108\" srcset=\"https:\/\/fotografie-pg.de\/cms\/wp-content\/uploads\/2021\/04\/MG_4281-LR-1000x667.jpg 1000w, https:\/\/fotografie-pg.de\/cms\/wp-content\/uploads\/2021\/04\/MG_4281-LR-540x360.jpg 540w, https:\/\/fotografie-pg.de\/cms\/wp-content\/uploads\/2021\/04\/MG_4281-LR-300x200.jpg 300w, https:\/\/fotografie-pg.de\/cms\/wp-content\/uploads\/2021\/04\/MG_4281-LR-768x512.jpg 768w, https:\/\/fotografie-pg.de\/cms\/wp-content\/uploads\/2021\/04\/MG_4281-LR.jpg 1200w\" sizes=\"(max-width: 1000px) 100vw, 1000px\" \/><\/a>\n\t\t\t<\/div>\n\t\t\t\t<figcaption class='wp-caption-text gallery-caption' id='gallery-1-13108'>\n\t\t\t\tMagnolienbl\u00fcte 2020\n\t\t\t\t<\/figcaption><\/figure><figure class='gallery-item'>\n\t\t\t<div class='gallery-icon landscape'>\n\t\t\t\t<a href='https:\/\/fotografie-pg.de\/cms\/wp-content\/uploads\/2021\/04\/MG_4283-LR.jpg'><img loading=\"lazy\" decoding=\"async\" width=\"1000\" height=\"667\" src=\"https:\/\/fotografie-pg.de\/cms\/wp-content\/uploads\/2021\/04\/MG_4283-LR-1000x667.jpg\" class=\"attachment-large size-large\" alt=\"\" aria-describedby=\"gallery-1-13109\" srcset=\"https:\/\/fotografie-pg.de\/cms\/wp-content\/uploads\/2021\/04\/MG_4283-LR-1000x667.jpg 1000w, https:\/\/fotografie-pg.de\/cms\/wp-content\/uploads\/2021\/04\/MG_4283-LR-540x360.jpg 540w, https:\/\/fotografie-pg.de\/cms\/wp-content\/uploads\/2021\/04\/MG_4283-LR-300x200.jpg 300w, https:\/\/fotografie-pg.de\/cms\/wp-content\/uploads\/2021\/04\/MG_4283-LR-768x512.jpg 768w, https:\/\/fotografie-pg.de\/cms\/wp-content\/uploads\/2021\/04\/MG_4283-LR.jpg 1200w\" sizes=\"(max-width: 1000px) 100vw, 1000px\" \/><\/a>\n\t\t\t<\/div>\n\t\t\t\t<figcaption class='wp-caption-text gallery-caption' id='gallery-1-13109'>\n\t\t\t\tMagnolienbl\u00fcte 2020\n\t\t\t\t<\/figcaption><\/figure>\n\t\t<\/div>\n\n","protected":false},"excerpt":{"rendered":"<p>&#8230; und wieder muss sich jede einzelne Bl\u00fcte gegen die arktischen Temperaturen behaupten. Die erste dieses Trios hat es geschafft und trifft sich hier noch mit zwei Vorg\u00e4ngerinnen vom letzten Jahr, die mit Lensbaby aufgenommen wurden &#8211; Klick macht gr\u00f6\u00dfer \u2665 pETRA<\/p>\n","protected":false},"author":4,"featured_media":13108,"comment_status":"open","ping_status":"open","sticky":false,"template":"","format":"image","meta":{"_uag_custom_page_level_css":"","site-sidebar-layout":"default","site-content-layout":"","ast-site-content-layout":"default","site-content-style":"default","site-sidebar-style":"default","ast-global-header-display":"","ast-banner-title-visibility":"","ast-main-header-display":"","ast-hfb-above-header-display":"","ast-hfb-below-header-display":"","ast-hfb-mobile-header-display":"","site-post-title":"","ast-breadcrumbs-content":"","ast-featured-img":"","footer-sml-layout":"","ast-disable-related-posts":"","theme-transparent-header-meta":"","adv-header-id-meta":"","stick-header-meta":"","header-above-stick-meta":"","header-main-stick-meta":"","header-below-stick-meta":"","astra-migrate-meta-layouts":"default","ast-page-background-enabled":"default","ast-page-background-meta":{"desktop":{"background-color":"","background-image":"","background-repeat":"repeat","background-position":"center center","background-size":"auto","background-attachment":"scroll","background-type":"","background-media":"","overlay-type":"","overlay-color":"","overlay-opacity":"","overlay-gradient":""},"tablet":{"background-color":"","background-image":"","background-repeat":"repeat","background-position":"center center","background-size":"auto","background-attachment":"scroll","background-type":"","background-media":"","overlay-type":"","overlay-color":"","overlay-opacity":"","overlay-gradient":""},"mobile":{"background-color":"","background-image":"","background-repeat":"repeat","background-position":"center center","background-size":"auto","background-attachment":"scroll","background-type":"","background-media":"","overlay-type":"","overlay-color":"","overlay-opacity":"","overlay-gradient":""}},"ast-content-background-meta":{"desktop":{"background-color":"var(--ast-global-color-5)","background-image":"","background-repeat":"repeat","background-position":"center center","background-size":"auto","background-attachment":"scroll","background-type":"","background-media":"","overlay-type":"","overlay-color":"","overlay-opacity":"","overlay-gradient":""},"tablet":{"background-color":"var(--ast-global-color-5)","background-image":"","background-repeat":"repeat","background-position":"center center","background-size":"auto","background-attachment":"scroll","background-type":"","background-media":"","overlay-type":"","overlay-color":"","overlay-opacity":"","overlay-gradient":""},"mobile":{"background-color":"var(--ast-global-color-5)","background-image":"","background-repeat":"repeat","background-position":"center center","background-size":"auto","background-attachment":"scroll","background-type":"","background-media":"","overlay-type":"","overlay-color":"","overlay-opacity":"","overlay-gradient":""}},"footnotes":""},"categories":[101,63,145],"tags":[67,66,133,270,106],"yoast_head":"<!-- This site is optimized with the Yoast SEO plugin v24.5 - https:\/\/yoast.com\/wordpress\/plugins\/seo\/ -->\n<title>Zeit der Magnolien &#8211; fotografie - pg<\/title>\n<meta name=\"robots\" content=\"index, follow, max-snippet:-1, max-image-preview:large, max-video-preview:-1\" \/>\n<link rel=\"canonical\" href=\"https:\/\/fotografie-pg.de\/cms\/zeit-der-magnolien\/\" \/>\n<meta property=\"og:locale\" content=\"de_DE\" \/>\n<meta property=\"og:type\" content=\"article\" \/>\n<meta property=\"og:title\" content=\"Zeit der Magnolien &#8211; fotografie - pg\" \/>\n<meta property=\"og:description\" content=\"&#8230; und wieder muss sich jede einzelne Bl\u00fcte gegen die arktischen Temperaturen behaupten. Die erste dieses Trios hat es geschafft und trifft sich hier noch mit zwei Vorg\u00e4ngerinnen vom letzten Jahr, die mit Lensbaby aufgenommen wurden &#8211; Klick macht gr\u00f6\u00dfer \u2665 pETRA\" \/>\n<meta property=\"og:url\" content=\"https:\/\/fotografie-pg.de\/cms\/zeit-der-magnolien\/\" \/>\n<meta property=\"og:site_name\" content=\"fotografie - pg\" \/>\n<meta property=\"article:publisher\" content=\"https:\/\/www.facebook.com\/petragertitschke\" \/>\n<meta property=\"article:author\" content=\"https:\/\/www.facebook.com\/petragertitschke\" \/>\n<meta property=\"article:published_time\" content=\"2021-04-10T15:05:09+00:00\" \/>\n<meta property=\"article:modified_time\" content=\"2021-04-10T21:38:28+00:00\" \/>\n<meta property=\"og:image\" content=\"https:\/\/fotografie-pg.de\/cms\/wp-content\/uploads\/2021\/04\/MG_4281-LR.jpg\" \/>\n\t<meta property=\"og:image:width\" content=\"1200\" \/>\n\t<meta property=\"og:image:height\" content=\"800\" \/>\n\t<meta property=\"og:image:type\" content=\"image\/jpeg\" \/>\n<meta name=\"author\" content=\"pETRA\" \/>\n<meta name=\"twitter:label1\" content=\"Verfasst von\" \/>\n\t<meta name=\"twitter:data1\" content=\"pETRA\" \/>\n\t<meta name=\"twitter:label2\" content=\"Gesch\u00e4tzte Lesezeit\" \/>\n\t<meta name=\"twitter:data2\" content=\"1\u00a0Minute\" \/>\n<script type=\"application\/ld+json\" class=\"yoast-schema-graph\">{\"@context\":\"https:\/\/schema.org\",\"@graph\":[{\"@type\":\"Article\",\"@id\":\"https:\/\/fotografie-pg.de\/cms\/zeit-der-magnolien\/#article\",\"isPartOf\":{\"@id\":\"https:\/\/fotografie-pg.de\/cms\/zeit-der-magnolien\/\"},\"author\":{\"name\":\"pETRA\",\"@id\":\"https:\/\/fotografie-pg.de\/cms\/#\/schema\/person\/3bfa8b4fdbe329cb32af3efc362fdece\"},\"headline\":\"Zeit der Magnolien\",\"datePublished\":\"2021-04-10T15:05:09+00:00\",\"dateModified\":\"2021-04-10T21:38:28+00:00\",\"mainEntityOfPage\":{\"@id\":\"https:\/\/fotografie-pg.de\/cms\/zeit-der-magnolien\/\"},\"wordCount\":53,\"commentCount\":2,\"publisher\":{\"@id\":\"https:\/\/fotografie-pg.de\/cms\/#\/schema\/person\/3bfa8b4fdbe329cb32af3efc362fdece\"},\"image\":{\"@id\":\"https:\/\/fotografie-pg.de\/cms\/zeit-der-magnolien\/#primaryimage\"},\"thumbnailUrl\":\"https:\/\/fotografie-pg.de\/cms\/wp-content\/uploads\/2021\/04\/MG_4281-LR.jpg\",\"keywords\":[\"Bl\u00fcten\",\"Fr\u00fchling\",\"lensbaby\",\"Magnolie\",\"Makro\"],\"articleSection\":[\"fine art\",\"FotoBlog\",\"Galerie\"],\"inLanguage\":\"de\",\"potentialAction\":[{\"@type\":\"CommentAction\",\"name\":\"Comment\",\"target\":[\"https:\/\/fotografie-pg.de\/cms\/zeit-der-magnolien\/#respond\"]}]},{\"@type\":\"WebPage\",\"@id\":\"https:\/\/fotografie-pg.de\/cms\/zeit-der-magnolien\/\",\"url\":\"https:\/\/fotografie-pg.de\/cms\/zeit-der-magnolien\/\",\"name\":\"Zeit der Magnolien &#8211; fotografie - pg\",\"isPartOf\":{\"@id\":\"https:\/\/fotografie-pg.de\/cms\/#website\"},\"primaryImageOfPage\":{\"@id\":\"https:\/\/fotografie-pg.de\/cms\/zeit-der-magnolien\/#primaryimage\"},\"image\":{\"@id\":\"https:\/\/fotografie-pg.de\/cms\/zeit-der-magnolien\/#primaryimage\"},\"thumbnailUrl\":\"https:\/\/fotografie-pg.de\/cms\/wp-content\/uploads\/2021\/04\/MG_4281-LR.jpg\",\"datePublished\":\"2021-04-10T15:05:09+00:00\",\"dateModified\":\"2021-04-10T21:38:28+00:00\",\"breadcrumb\":{\"@id\":\"https:\/\/fotografie-pg.de\/cms\/zeit-der-magnolien\/#breadcrumb\"},\"inLanguage\":\"de\",\"potentialAction\":[{\"@type\":\"ReadAction\",\"target\":[\"https:\/\/fotografie-pg.de\/cms\/zeit-der-magnolien\/\"]}]},{\"@type\":\"ImageObject\",\"inLanguage\":\"de\",\"@id\":\"https:\/\/fotografie-pg.de\/cms\/zeit-der-magnolien\/#primaryimage\",\"url\":\"https:\/\/fotografie-pg.de\/cms\/wp-content\/uploads\/2021\/04\/MG_4281-LR.jpg\",\"contentUrl\":\"https:\/\/fotografie-pg.de\/cms\/wp-content\/uploads\/2021\/04\/MG_4281-LR.jpg\",\"width\":1200,\"height\":800,\"caption\":\"Magnolienbl\u00fcte 2020\"},{\"@type\":\"BreadcrumbList\",\"@id\":\"https:\/\/fotografie-pg.de\/cms\/zeit-der-magnolien\/#breadcrumb\",\"itemListElement\":[{\"@type\":\"ListItem\",\"position\":1,\"name\":\"Home\",\"item\":\"https:\/\/fotografie-pg.de\/cms\/\"},{\"@type\":\"ListItem\",\"position\":2,\"name\":\"Zeit der Magnolien\"}]},{\"@type\":\"WebSite\",\"@id\":\"https:\/\/fotografie-pg.de\/cms\/#website\",\"url\":\"https:\/\/fotografie-pg.de\/cms\/\",\"name\":\"fotografie - pg\",\"description\":\"Momente - Erinnerungen - Emotionen\",\"publisher\":{\"@id\":\"https:\/\/fotografie-pg.de\/cms\/#\/schema\/person\/3bfa8b4fdbe329cb32af3efc362fdece\"},\"potentialAction\":[{\"@type\":\"SearchAction\",\"target\":{\"@type\":\"EntryPoint\",\"urlTemplate\":\"https:\/\/fotografie-pg.de\/cms\/?s={search_term_string}\"},\"query-input\":{\"@type\":\"PropertyValueSpecification\",\"valueRequired\":true,\"valueName\":\"search_term_string\"}}],\"inLanguage\":\"de\"},{\"@type\":[\"Person\",\"Organization\"],\"@id\":\"https:\/\/fotografie-pg.de\/cms\/#\/schema\/person\/3bfa8b4fdbe329cb32af3efc362fdece\",\"name\":\"pETRA\",\"image\":{\"@type\":\"ImageObject\",\"inLanguage\":\"de\",\"@id\":\"https:\/\/fotografie-pg.de\/cms\/#\/schema\/person\/image\/\",\"url\":\"https:\/\/fotografie-pg.de\/cms\/wp-content\/uploads\/2017\/08\/cropped-cropped-logo-org-1.png\",\"contentUrl\":\"https:\/\/fotografie-pg.de\/cms\/wp-content\/uploads\/2017\/08\/cropped-cropped-logo-org-1.png\",\"width\":250,\"height\":250,\"caption\":\"pETRA\"},\"logo\":{\"@id\":\"https:\/\/fotografie-pg.de\/cms\/#\/schema\/person\/image\/\"},\"description\":\"- nicht ohne meine Kamera -\",\"sameAs\":[\"https:\/\/www.facebook.com\/petragertitschke\",\"https:\/\/www.instagram.com\/blue.maris\/\"],\"url\":\"https:\/\/fotografie-pg.de\/cms\/author\/petra\/\"}]}<\/script>\n<!-- \/ Yoast SEO plugin. -->","yoast_head_json":{"title":"Zeit der Magnolien &#8211; fotografie - pg","robots":{"index":"index","follow":"follow","max-snippet":"max-snippet:-1","max-image-preview":"max-image-preview:large","max-video-preview":"max-video-preview:-1"},"canonical":"https:\/\/fotografie-pg.de\/cms\/zeit-der-magnolien\/","og_locale":"de_DE","og_type":"article","og_title":"Zeit der Magnolien &#8211; fotografie - pg","og_description":"&#8230; und wieder muss sich jede einzelne Bl\u00fcte gegen die arktischen Temperaturen behaupten. Die erste dieses Trios hat es geschafft und trifft sich hier noch mit zwei Vorg\u00e4ngerinnen vom letzten Jahr, die mit Lensbaby aufgenommen wurden &#8211; Klick macht gr\u00f6\u00dfer \u2665 pETRA","og_url":"https:\/\/fotografie-pg.de\/cms\/zeit-der-magnolien\/","og_site_name":"fotografie - pg","article_publisher":"https:\/\/www.facebook.com\/petragertitschke","article_author":"https:\/\/www.facebook.com\/petragertitschke","article_published_time":"2021-04-10T15:05:09+00:00","article_modified_time":"2021-04-10T21:38:28+00:00","og_image":[{"width":1200,"height":800,"url":"https:\/\/fotografie-pg.de\/cms\/wp-content\/uploads\/2021\/04\/MG_4281-LR.jpg","type":"image\/jpeg"}],"author":"pETRA","twitter_misc":{"Verfasst von":"pETRA","Gesch\u00e4tzte Lesezeit":"1\u00a0Minute"},"schema":{"@context":"https:\/\/schema.org","@graph":[{"@type":"Article","@id":"https:\/\/fotografie-pg.de\/cms\/zeit-der-magnolien\/#article","isPartOf":{"@id":"https:\/\/fotografie-pg.de\/cms\/zeit-der-magnolien\/"},"author":{"name":"pETRA","@id":"https:\/\/fotografie-pg.de\/cms\/#\/schema\/person\/3bfa8b4fdbe329cb32af3efc362fdece"},"headline":"Zeit der Magnolien","datePublished":"2021-04-10T15:05:09+00:00","dateModified":"2021-04-10T21:38:28+00:00","mainEntityOfPage":{"@id":"https:\/\/fotografie-pg.de\/cms\/zeit-der-magnolien\/"},"wordCount":53,"commentCount":2,"publisher":{"@id":"https:\/\/fotografie-pg.de\/cms\/#\/schema\/person\/3bfa8b4fdbe329cb32af3efc362fdece"},"image":{"@id":"https:\/\/fotografie-pg.de\/cms\/zeit-der-magnolien\/#primaryimage"},"thumbnailUrl":"https:\/\/fotografie-pg.de\/cms\/wp-content\/uploads\/2021\/04\/MG_4281-LR.jpg","keywords":["Bl\u00fcten","Fr\u00fchling","lensbaby","Magnolie","Makro"],"articleSection":["fine art","FotoBlog","Galerie"],"inLanguage":"de","potentialAction":[{"@type":"CommentAction","name":"Comment","target":["https:\/\/fotografie-pg.de\/cms\/zeit-der-magnolien\/#respond"]}]},{"@type":"WebPage","@id":"https:\/\/fotografie-pg.de\/cms\/zeit-der-magnolien\/","url":"https:\/\/fotografie-pg.de\/cms\/zeit-der-magnolien\/","name":"Zeit der Magnolien &#8211; fotografie - pg","isPartOf":{"@id":"https:\/\/fotografie-pg.de\/cms\/#website"},"primaryImageOfPage":{"@id":"https:\/\/fotografie-pg.de\/cms\/zeit-der-magnolien\/#primaryimage"},"image":{"@id":"https:\/\/fotografie-pg.de\/cms\/zeit-der-magnolien\/#primaryimage"},"thumbnailUrl":"https:\/\/fotografie-pg.de\/cms\/wp-content\/uploads\/2021\/04\/MG_4281-LR.jpg","datePublished":"2021-04-10T15:05:09+00:00","dateModified":"2021-04-10T21:38:28+00:00","breadcrumb":{"@id":"https:\/\/fotografie-pg.de\/cms\/zeit-der-magnolien\/#breadcrumb"},"inLanguage":"de","potentialAction":[{"@type":"ReadAction","target":["https:\/\/fotografie-pg.de\/cms\/zeit-der-magnolien\/"]}]},{"@type":"ImageObject","inLanguage":"de","@id":"https:\/\/fotografie-pg.de\/cms\/zeit-der-magnolien\/#primaryimage","url":"https:\/\/fotografie-pg.de\/cms\/wp-content\/uploads\/2021\/04\/MG_4281-LR.jpg","contentUrl":"https:\/\/fotografie-pg.de\/cms\/wp-content\/uploads\/2021\/04\/MG_4281-LR.jpg","width":1200,"height":800,"caption":"Magnolienbl\u00fcte 2020"},{"@type":"BreadcrumbList","@id":"https:\/\/fotografie-pg.de\/cms\/zeit-der-magnolien\/#breadcrumb","itemListElement":[{"@type":"ListItem","position":1,"name":"Home","item":"https:\/\/fotografie-pg.de\/cms\/"},{"@type":"ListItem","position":2,"name":"Zeit der Magnolien"}]},{"@type":"WebSite","@id":"https:\/\/fotografie-pg.de\/cms\/#website","url":"https:\/\/fotografie-pg.de\/cms\/","name":"fotografie - pg","description":"Momente - Erinnerungen - Emotionen","publisher":{"@id":"https:\/\/fotografie-pg.de\/cms\/#\/schema\/person\/3bfa8b4fdbe329cb32af3efc362fdece"},"potentialAction":[{"@type":"SearchAction","target":{"@type":"EntryPoint","urlTemplate":"https:\/\/fotografie-pg.de\/cms\/?s={search_term_string}"},"query-input":{"@type":"PropertyValueSpecification","valueRequired":true,"valueName":"search_term_string"}}],"inLanguage":"de"},{"@type":["Person","Organization"],"@id":"https:\/\/fotografie-pg.de\/cms\/#\/schema\/person\/3bfa8b4fdbe329cb32af3efc362fdece","name":"pETRA","image":{"@type":"ImageObject","inLanguage":"de","@id":"https:\/\/fotografie-pg.de\/cms\/#\/schema\/person\/image\/","url":"https:\/\/fotografie-pg.de\/cms\/wp-content\/uploads\/2017\/08\/cropped-cropped-logo-org-1.png","contentUrl":"https:\/\/fotografie-pg.de\/cms\/wp-content\/uploads\/2017\/08\/cropped-cropped-logo-org-1.png","width":250,"height":250,"caption":"pETRA"},"logo":{"@id":"https:\/\/fotografie-pg.de\/cms\/#\/schema\/person\/image\/"},"description":"- nicht ohne meine Kamera -","sameAs":["https:\/\/www.facebook.com\/petragertitschke","https:\/\/www.instagram.com\/blue.maris\/"],"url":"https:\/\/fotografie-pg.de\/cms\/author\/petra\/"}]}},"uagb_featured_image_src":{"full":["https:\/\/fotografie-pg.de\/cms\/wp-content\/uploads\/2021\/04\/MG_4281-LR.jpg",1200,800,false],"thumbnail":["https:\/\/fotografie-pg.de\/cms\/wp-content\/uploads\/2021\/04\/MG_4281-LR-300x200.jpg",300,200,true],"medium":["https:\/\/fotografie-pg.de\/cms\/wp-content\/uploads\/2021\/04\/MG_4281-LR-540x360.jpg",540,360,true],"medium_large":["https:\/\/fotografie-pg.de\/cms\/wp-content\/uploads\/2021\/04\/MG_4281-LR-768x512.jpg",768,512,true],"large":["https:\/\/fotografie-pg.de\/cms\/wp-content\/uploads\/2021\/04\/MG_4281-LR-1000x667.jpg",1000,667,true],"1536x1536":["https:\/\/fotografie-pg.de\/cms\/wp-content\/uploads\/2021\/04\/MG_4281-LR.jpg",1200,800,false],"2048x2048":["https:\/\/fotografie-pg.de\/cms\/wp-content\/uploads\/2021\/04\/MG_4281-LR.jpg",1200,800,false]},"uagb_author_info":{"display_name":"pETRA","author_link":"https:\/\/fotografie-pg.de\/cms\/author\/petra\/"},"uagb_comment_info":2,"uagb_excerpt":"&#8230; und wieder muss sich jede einzelne Bl\u00fcte gegen die arktischen Temperaturen behaupten. Die erste dieses Trios hat es geschafft und trifft sich hier noch mit zwei Vorg\u00e4ngerinnen vom letzten Jahr, die mit Lensbaby aufgenommen wurden &#8211; Klick macht gr\u00f6\u00dfer \u2665 pETRA","_links":{"self":[{"href":"https:\/\/fotografie-pg.de\/cms\/wp-json\/wp\/v2\/posts\/13104"}],"collection":[{"href":"https:\/\/fotografie-pg.de\/cms\/wp-json\/wp\/v2\/posts"}],"about":[{"href":"https:\/\/fotografie-pg.de\/cms\/wp-json\/wp\/v2\/types\/post"}],"author":[{"embeddable":true,"href":"https:\/\/fotografie-pg.de\/cms\/wp-json\/wp\/v2\/users\/4"}],"replies":[{"embeddable":true,"href":"https:\/\/fotografie-pg.de\/cms\/wp-json\/wp\/v2\/comments?post=13104"}],"version-history":[{"count":4,"href":"https:\/\/fotografie-pg.de\/cms\/wp-json\/wp\/v2\/posts\/13104\/revisions"}],"predecessor-version":[{"id":13112,"href":"https:\/\/fotografie-pg.de\/cms\/wp-json\/wp\/v2\/posts\/13104\/revisions\/13112"}],"wp:featuredmedia":[{"embeddable":true,"href":"https:\/\/fotografie-pg.de\/cms\/wp-json\/wp\/v2\/media\/13108"}],"wp:attachment":[{"href":"https:\/\/fotografie-pg.de\/cms\/wp-json\/wp\/v2\/media?parent=13104"}],"wp:term":[{"taxonomy":"category","embeddable":true,"href":"https:\/\/fotografie-pg.de\/cms\/wp-json\/wp\/v2\/categories?post=13104"},{"taxonomy":"post_tag","embeddable":true,"href":"https:\/\/fotografie-pg.de\/cms\/wp-json\/wp\/v2\/tags?post=13104"}],"curies":[{"name":"wp","href":"https:\/\/api.w.org\/{rel}","templated":true}]}}