{"id":13949,"date":"2023-05-05T18:36:47","date_gmt":"2023-05-05T16:36:47","guid":{"rendered":"https:\/\/fotografie-pg.de\/cms\/?p=13949"},"modified":"2023-05-05T20:18:55","modified_gmt":"2023-05-05T18:18:55","slug":"und-nochmal-magnolie","status":"publish","type":"post","link":"https:\/\/fotografie-pg.de\/cms\/und-nochmal-magnolie\/","title":{"rendered":"Und nochmal: Magnolie"},"content":{"rendered":"\n<p>Unsere Tulpenmagnolie dreht gerade eine zweite Bl\u00fchrunde, diesmal ohne Frostsch\u00e4den. Das  ist Farbenkitsch pur, aber soo sch\u00f6n und ein Fall f\u00fcr das Lensbaby Velvet.<\/p>\n\n\n\n<p>Aus Zwei mach Vier mit je einer st\u00e4rker bearbeiteten Version \/ Wie immer: <em>Klick aufs Bild macht gr\u00f6\u00dfer<\/em><\/p>\n\n\n\n<p class=\"space-bottom\">\u2665 pETRA<\/p>\n\n\n\t\t\t\t\t<div\n\t\t\t\t\t\tclass=\"wp-block-uagb-image-gallery uagb-block-cc271be9     \"\n\t\t\t\t\t\tstyle=\"\"\n\t\t\t\t\t>\n\t\t\t\t\t\t\t\t\t\t\t<div class=\"spectra-image-gallery spectra-image-gallery__layout--masonry spectra-image-gallery__layout--masonry-col-2 spectra-image-gallery__layout--masonry-col-tab-2 spectra-image-gallery__layout--masonry-col-mob-2\">\n\t\t\t\t\t\t\t\t\t\t\t<div class='spectra-image-gallery__media-wrapper--isotope'>\n\t\t\t\t\t\t\t<div class='spectra-image-gallery__media-wrapper' data-spectra-gallery-image-id='13951' tabindex=\"0\">\n\t\t\t\t\t\t\t<div class=\"spectra-image-gallery__media spectra-image-gallery__media--masonry\">\n\t\t\t\t<picture>\n\t\t\t\t\t<source media=\"(min-width: 1024px)\" srcset=\"https:\/\/fotografie-pg.de\/cms\/wp-content\/uploads\/2023\/05\/1C0A1665-LR.jpg\">\n\t\t\t\t\t<source media=\"(min-width: 768px)\" srcset=\"https:\/\/fotografie-pg.de\/cms\/wp-content\/uploads\/2023\/05\/1C0A1665-LR-1000x667.jpg\">\n\t\t\t\t\t<img decoding=\"async\" class=\"spectra-image-gallery__media-thumbnail spectra-image-gallery__media-thumbnail--masonry\" src=\"https:\/\/fotografie-pg.de\/cms\/wp-content\/uploads\/2023\/05\/1C0A1665-LR-540x360.jpg\" alt=\"\" loading=\"lazy\" \/>\n\t\t\t\t<\/picture>\n\t\t\t\t<div class=\"spectra-image-gallery__media-thumbnail-blurrer\"><\/div>\n\t\t\t\t\t\t\t\t\t\t\t<div class=\"spectra-image-gallery__media-thumbnail-caption-wrapper spectra-image-gallery__media-thumbnail-caption-wrapper--overlay\"><\/div>\n\t\t\t\t\t\t\t\t<\/div>\n\t\t\t\t\t\t<\/div>\n\t\t\t\t\t\t<\/div>\n\t\t\t\t\t\t<div class='spectra-image-gallery__media-wrapper--isotope'>\n\t\t\t\t\t\t\t<div class='spectra-image-gallery__media-wrapper' data-spectra-gallery-image-id='13950' tabindex=\"0\">\n\t\t\t\t\t\t\t<div class=\"spectra-image-gallery__media spectra-image-gallery__media--masonry\">\n\t\t\t\t<picture>\n\t\t\t\t\t<source media=\"(min-width: 1024px)\" srcset=\"https:\/\/fotografie-pg.de\/cms\/wp-content\/uploads\/2023\/05\/1C0A1664-LR.jpg\">\n\t\t\t\t\t<source media=\"(min-width: 768px)\" srcset=\"https:\/\/fotografie-pg.de\/cms\/wp-content\/uploads\/2023\/05\/1C0A1664-LR-1000x667.jpg\">\n\t\t\t\t\t<img decoding=\"async\" class=\"spectra-image-gallery__media-thumbnail spectra-image-gallery__media-thumbnail--masonry\" src=\"https:\/\/fotografie-pg.de\/cms\/wp-content\/uploads\/2023\/05\/1C0A1664-LR-540x360.jpg\" alt=\"\" loading=\"lazy\" \/>\n\t\t\t\t<\/picture>\n\t\t\t\t<div class=\"spectra-image-gallery__media-thumbnail-blurrer\"><\/div>\n\t\t\t\t\t\t\t\t\t\t\t<div class=\"spectra-image-gallery__media-thumbnail-caption-wrapper spectra-image-gallery__media-thumbnail-caption-wrapper--overlay\"><\/div>\n\t\t\t\t\t\t\t\t<\/div>\n\t\t\t\t\t\t<\/div>\n\t\t\t\t\t\t<\/div>\n\t\t\t\t\t\t<div class='spectra-image-gallery__media-wrapper--isotope'>\n\t\t\t\t\t\t\t<div class='spectra-image-gallery__media-wrapper' data-spectra-gallery-image-id='13975' tabindex=\"0\">\n\t\t\t\t\t\t\t<div class=\"spectra-image-gallery__media spectra-image-gallery__media--masonry\">\n\t\t\t\t<picture>\n\t\t\t\t\t<source media=\"(min-width: 1024px)\" srcset=\"https:\/\/fotografie-pg.de\/cms\/wp-content\/uploads\/2023\/05\/1C0A1665-bearbeitet-LR.jpg\">\n\t\t\t\t\t<source media=\"(min-width: 768px)\" srcset=\"https:\/\/fotografie-pg.de\/cms\/wp-content\/uploads\/2023\/05\/1C0A1665-bearbeitet-LR-1000x667.jpg\">\n\t\t\t\t\t<img decoding=\"async\" class=\"spectra-image-gallery__media-thumbnail spectra-image-gallery__media-thumbnail--masonry\" src=\"https:\/\/fotografie-pg.de\/cms\/wp-content\/uploads\/2023\/05\/1C0A1665-bearbeitet-LR-540x360.jpg\" alt=\"\" loading=\"lazy\" \/>\n\t\t\t\t<\/picture>\n\t\t\t\t<div class=\"spectra-image-gallery__media-thumbnail-blurrer\"><\/div>\n\t\t\t\t\t\t\t\t\t\t\t<div class=\"spectra-image-gallery__media-thumbnail-caption-wrapper spectra-image-gallery__media-thumbnail-caption-wrapper--overlay\"><\/div>\n\t\t\t\t\t\t\t\t<\/div>\n\t\t\t\t\t\t<\/div>\n\t\t\t\t\t\t<\/div>\n\t\t\t\t\t\t<div class='spectra-image-gallery__media-wrapper--isotope'>\n\t\t\t\t\t\t\t<div class='spectra-image-gallery__media-wrapper' data-spectra-gallery-image-id='13973' tabindex=\"0\">\n\t\t\t\t\t\t\t<div class=\"spectra-image-gallery__media spectra-image-gallery__media--masonry\">\n\t\t\t\t<picture>\n\t\t\t\t\t<source media=\"(min-width: 1024px)\" srcset=\"https:\/\/fotografie-pg.de\/cms\/wp-content\/uploads\/2023\/05\/1C0A1664-bearbeitet-LR.jpg\">\n\t\t\t\t\t<source media=\"(min-width: 768px)\" srcset=\"https:\/\/fotografie-pg.de\/cms\/wp-content\/uploads\/2023\/05\/1C0A1664-bearbeitet-LR-1000x667.jpg\">\n\t\t\t\t\t<img decoding=\"async\" class=\"spectra-image-gallery__media-thumbnail spectra-image-gallery__media-thumbnail--masonry\" src=\"https:\/\/fotografie-pg.de\/cms\/wp-content\/uploads\/2023\/05\/1C0A1664-bearbeitet-LR-540x360.jpg\" alt=\"\" loading=\"lazy\" \/>\n\t\t\t\t<\/picture>\n\t\t\t\t<div class=\"spectra-image-gallery__media-thumbnail-blurrer\"><\/div>\n\t\t\t\t\t\t\t\t\t\t\t<div class=\"spectra-image-gallery__media-thumbnail-caption-wrapper spectra-image-gallery__media-thumbnail-caption-wrapper--overlay\"><\/div>\n\t\t\t\t\t\t\t\t<\/div>\n\t\t\t\t\t\t<\/div>\n\t\t\t\t\t\t<\/div>\n\t\t\t\t\t\t\t\t\t\t<\/div>\n\t\t\t\t\t\t\t\t\t\t\t\t\t\t\t\t\t\t<\/div>\n\t\t\t\t\t\t\t\t\t\t\t<div class='spectra-image-gallery__control-lightbox' tabindex='0'>\n\t\t\t\t\t\t\t\t\t\t\t<div class=\"swiper spectra-image-gallery__control-lightbox--main\" dir=\"\">\n\t\t\t\t\t<div class=\"swiper-wrapper\">\n\t\t\t\t\t\t\t\t\t\t\t\t\t\n\t\t\t\t\t\t\t<div class=\"swiper-slide\">\n\t\t\t\t\t\t\t\t<img class=\"swiper-lazy\" data-src=\"https:\/\/fotografie-pg.de\/cms\/wp-content\/uploads\/2023\/05\/1C0A1665-LR.jpg\" alt=\"\"\/>\n\t\t\t\t\t\t\t\t<div class=\"swiper-lazy-preloader swiper-lazy-preloader-white\"><\/div>\n\t\t\t\t\t\t\t\t\t\t\t\t\t\t\t<\/div>\n\t\t\t\t\t\t\t\t\t\t\t\t\t\n\t\t\t\t\t\t\t<div class=\"swiper-slide\">\n\t\t\t\t\t\t\t\t<img class=\"swiper-lazy\" data-src=\"https:\/\/fotografie-pg.de\/cms\/wp-content\/uploads\/2023\/05\/1C0A1664-LR.jpg\" alt=\"\"\/>\n\t\t\t\t\t\t\t\t<div class=\"swiper-lazy-preloader swiper-lazy-preloader-white\"><\/div>\n\t\t\t\t\t\t\t\t\t\t\t\t\t\t\t<\/div>\n\t\t\t\t\t\t\t\t\t\t\t\t\t\n\t\t\t\t\t\t\t<div class=\"swiper-slide\">\n\t\t\t\t\t\t\t\t<img class=\"swiper-lazy\" data-src=\"https:\/\/fotografie-pg.de\/cms\/wp-content\/uploads\/2023\/05\/1C0A1665-bearbeitet-LR.jpg\" alt=\"\"\/>\n\t\t\t\t\t\t\t\t<div class=\"swiper-lazy-preloader swiper-lazy-preloader-white\"><\/div>\n\t\t\t\t\t\t\t\t\t\t\t\t\t\t\t<\/div>\n\t\t\t\t\t\t\t\t\t\t\t\t\t\n\t\t\t\t\t\t\t<div class=\"swiper-slide\">\n\t\t\t\t\t\t\t\t<img class=\"swiper-lazy\" data-src=\"https:\/\/fotografie-pg.de\/cms\/wp-content\/uploads\/2023\/05\/1C0A1664-bearbeitet-LR.jpg\" alt=\"\"\/>\n\t\t\t\t\t\t\t\t<div class=\"swiper-lazy-preloader swiper-lazy-preloader-white\"><\/div>\n\t\t\t\t\t\t\t\t\t\t\t\t\t\t\t<\/div>\n\t\t\t\t\t\t\t\t\t\t\t<\/div>\n\t\t\t\t\t<div class=\"swiper-button-next\"><\/div>\n\t\t\t\t\t<div class=\"swiper-button-prev\"><\/div>\n\t\t\t\t<\/div>\t\t\t\n\t\t\t\t\t\t\t\t\t\t\t\t\t\t\t\t\t\t\t\t\t\t\t\t\t\t\t\t\t\t\t\t<button class='spectra-image-gallery__control-lightbox--close' aria-label=\"Close\">\n\t\t\t\t\t\t\t\t\t\t\t\t\t<svg xmlns=\"https:\/\/www.w3.org\/2000\/svg\" viewBox= \"0 0 320 512\"><path d=\"M310.6 361.4c12.5 12.5 12.5 32.75 0 45.25C304.4 412.9 296.2 416 288 416s-16.38-3.125-22.62-9.375L160 301.3L54.63 406.6C48.38 412.9 40.19 416 32 416S15.63 412.9 9.375 406.6c-12.5-12.5-12.5-32.75 0-45.25l105.4-105.4L9.375 150.6c-12.5-12.5-12.5-32.75 0-45.25s32.75-12.5 45.25 0L160 210.8l105.4-105.4c12.5-12.5 32.75-12.5 45.25 0s12.5 32.75 0 45.25l-105.4 105.4L310.6 361.4z\"><\/path><\/svg>\n\t\t\t\t\t\t\t\t\t\t\t\t<\/button>\n\t\t\t\t\t\t\t\t\t\t\t\t\t<\/div>\n\t\t\t\t\t\t\t\t\t","protected":false},"excerpt":{"rendered":"<p>Unsere Tulpenmagnolie dreht gerade eine zweite Bl\u00fchrunde, diesmal ohne Frostsch\u00e4den. Das ist Farbenkitsch pur, aber soo sch\u00f6n und ein Fall f\u00fcr das Lensbaby Velvet. Aus Zwei mach Vier mit je einer st\u00e4rker bearbeiteten Version \/ Wie immer: Klick aufs Bild macht gr\u00f6\u00dfer \u2665 pETRA<\/p>\n","protected":false},"author":4,"featured_media":13951,"comment_status":"open","ping_status":"open","sticky":false,"template":"","format":"image","meta":{"_uag_custom_page_level_css":"","site-sidebar-layout":"default","site-content-layout":"","ast-site-content-layout":"default","site-content-style":"default","site-sidebar-style":"default","ast-global-header-display":"","ast-banner-title-visibility":"","ast-main-header-display":"","ast-hfb-above-header-display":"","ast-hfb-below-header-display":"","ast-hfb-mobile-header-display":"","site-post-title":"","ast-breadcrumbs-content":"","ast-featured-img":"","footer-sml-layout":"","ast-disable-related-posts":"","theme-transparent-header-meta":"","adv-header-id-meta":"","stick-header-meta":"","header-above-stick-meta":"","header-main-stick-meta":"","header-below-stick-meta":"","astra-migrate-meta-layouts":"default","ast-page-background-enabled":"default","ast-page-background-meta":{"desktop":{"background-color":"","background-image":"","background-repeat":"repeat","background-position":"center center","background-size":"auto","background-attachment":"scroll","background-type":"","background-media":"","overlay-type":"","overlay-color":"","overlay-opacity":"","overlay-gradient":""},"tablet":{"background-color":"","background-image":"","background-repeat":"repeat","background-position":"center center","background-size":"auto","background-attachment":"scroll","background-type":"","background-media":"","overlay-type":"","overlay-color":"","overlay-opacity":"","overlay-gradient":""},"mobile":{"background-color":"","background-image":"","background-repeat":"repeat","background-position":"center center","background-size":"auto","background-attachment":"scroll","background-type":"","background-media":"","overlay-type":"","overlay-color":"","overlay-opacity":"","overlay-gradient":""}},"ast-content-background-meta":{"desktop":{"background-color":"var(--ast-global-color-5)","background-image":"","background-repeat":"repeat","background-position":"center center","background-size":"auto","background-attachment":"scroll","background-type":"","background-media":"","overlay-type":"","overlay-color":"","overlay-opacity":"","overlay-gradient":""},"tablet":{"background-color":"var(--ast-global-color-5)","background-image":"","background-repeat":"repeat","background-position":"center center","background-size":"auto","background-attachment":"scroll","background-type":"","background-media":"","overlay-type":"","overlay-color":"","overlay-opacity":"","overlay-gradient":""},"mobile":{"background-color":"var(--ast-global-color-5)","background-image":"","background-repeat":"repeat","background-position":"center center","background-size":"auto","background-attachment":"scroll","background-type":"","background-media":"","overlay-type":"","overlay-color":"","overlay-opacity":"","overlay-gradient":""}},"footnotes":""},"categories":[63],"tags":[67,66,270],"yoast_head":"<!-- This site is optimized with the Yoast SEO plugin v24.5 - https:\/\/yoast.com\/wordpress\/plugins\/seo\/ -->\n<title>Und nochmal: Magnolie &#8211; fotografie - pg<\/title>\n<meta name=\"robots\" content=\"index, follow, max-snippet:-1, max-image-preview:large, max-video-preview:-1\" \/>\n<link rel=\"canonical\" href=\"https:\/\/fotografie-pg.de\/cms\/und-nochmal-magnolie\/\" \/>\n<meta property=\"og:locale\" content=\"de_DE\" \/>\n<meta property=\"og:type\" content=\"article\" \/>\n<meta property=\"og:title\" content=\"Und nochmal: Magnolie &#8211; fotografie - pg\" \/>\n<meta property=\"og:description\" content=\"Unsere Tulpenmagnolie dreht gerade eine zweite Bl\u00fchrunde, diesmal ohne Frostsch\u00e4den. Das ist Farbenkitsch pur, aber soo sch\u00f6n und ein Fall f\u00fcr das Lensbaby Velvet. Aus Zwei mach Vier mit je einer st\u00e4rker bearbeiteten Version \/ Wie immer: Klick aufs Bild macht gr\u00f6\u00dfer \u2665 pETRA\" \/>\n<meta property=\"og:url\" content=\"https:\/\/fotografie-pg.de\/cms\/und-nochmal-magnolie\/\" \/>\n<meta property=\"og:site_name\" content=\"fotografie - pg\" \/>\n<meta property=\"article:publisher\" content=\"https:\/\/www.facebook.com\/petragertitschke\" \/>\n<meta property=\"article:author\" content=\"https:\/\/www.facebook.com\/petragertitschke\" \/>\n<meta property=\"article:published_time\" content=\"2023-05-05T16:36:47+00:00\" \/>\n<meta property=\"article:modified_time\" content=\"2023-05-05T18:18:55+00:00\" \/>\n<meta property=\"og:image\" content=\"https:\/\/fotografie-pg.de\/cms\/wp-content\/uploads\/2023\/05\/1C0A1665-LR.jpg\" \/>\n\t<meta property=\"og:image:width\" content=\"1200\" \/>\n\t<meta property=\"og:image:height\" content=\"800\" \/>\n\t<meta property=\"og:image:type\" content=\"image\/jpeg\" \/>\n<meta name=\"author\" content=\"pETRA\" \/>\n<meta name=\"twitter:label1\" content=\"Verfasst von\" \/>\n\t<meta name=\"twitter:data1\" content=\"pETRA\" \/>\n\t<meta name=\"twitter:label2\" content=\"Gesch\u00e4tzte Lesezeit\" \/>\n\t<meta name=\"twitter:data2\" content=\"1\u00a0Minute\" \/>\n<script type=\"application\/ld+json\" class=\"yoast-schema-graph\">{\"@context\":\"https:\/\/schema.org\",\"@graph\":[{\"@type\":\"Article\",\"@id\":\"https:\/\/fotografie-pg.de\/cms\/und-nochmal-magnolie\/#article\",\"isPartOf\":{\"@id\":\"https:\/\/fotografie-pg.de\/cms\/und-nochmal-magnolie\/\"},\"author\":{\"name\":\"pETRA\",\"@id\":\"https:\/\/fotografie-pg.de\/cms\/#\/schema\/person\/3bfa8b4fdbe329cb32af3efc362fdece\"},\"headline\":\"Und nochmal: Magnolie\",\"datePublished\":\"2023-05-05T16:36:47+00:00\",\"dateModified\":\"2023-05-05T18:18:55+00:00\",\"mainEntityOfPage\":{\"@id\":\"https:\/\/fotografie-pg.de\/cms\/und-nochmal-magnolie\/\"},\"wordCount\":51,\"commentCount\":0,\"publisher\":{\"@id\":\"https:\/\/fotografie-pg.de\/cms\/#\/schema\/person\/3bfa8b4fdbe329cb32af3efc362fdece\"},\"image\":{\"@id\":\"https:\/\/fotografie-pg.de\/cms\/und-nochmal-magnolie\/#primaryimage\"},\"thumbnailUrl\":\"https:\/\/fotografie-pg.de\/cms\/wp-content\/uploads\/2023\/05\/1C0A1665-LR.jpg\",\"keywords\":[\"Bl\u00fcten\",\"Fr\u00fchling\",\"Magnolie\"],\"articleSection\":[\"FotoBlog\"],\"inLanguage\":\"de\",\"potentialAction\":[{\"@type\":\"CommentAction\",\"name\":\"Comment\",\"target\":[\"https:\/\/fotografie-pg.de\/cms\/und-nochmal-magnolie\/#respond\"]}]},{\"@type\":\"WebPage\",\"@id\":\"https:\/\/fotografie-pg.de\/cms\/und-nochmal-magnolie\/\",\"url\":\"https:\/\/fotografie-pg.de\/cms\/und-nochmal-magnolie\/\",\"name\":\"Und nochmal: Magnolie &#8211; fotografie - pg\",\"isPartOf\":{\"@id\":\"https:\/\/fotografie-pg.de\/cms\/#website\"},\"primaryImageOfPage\":{\"@id\":\"https:\/\/fotografie-pg.de\/cms\/und-nochmal-magnolie\/#primaryimage\"},\"image\":{\"@id\":\"https:\/\/fotografie-pg.de\/cms\/und-nochmal-magnolie\/#primaryimage\"},\"thumbnailUrl\":\"https:\/\/fotografie-pg.de\/cms\/wp-content\/uploads\/2023\/05\/1C0A1665-LR.jpg\",\"datePublished\":\"2023-05-05T16:36:47+00:00\",\"dateModified\":\"2023-05-05T18:18:55+00:00\",\"breadcrumb\":{\"@id\":\"https:\/\/fotografie-pg.de\/cms\/und-nochmal-magnolie\/#breadcrumb\"},\"inLanguage\":\"de\",\"potentialAction\":[{\"@type\":\"ReadAction\",\"target\":[\"https:\/\/fotografie-pg.de\/cms\/und-nochmal-magnolie\/\"]}]},{\"@type\":\"ImageObject\",\"inLanguage\":\"de\",\"@id\":\"https:\/\/fotografie-pg.de\/cms\/und-nochmal-magnolie\/#primaryimage\",\"url\":\"https:\/\/fotografie-pg.de\/cms\/wp-content\/uploads\/2023\/05\/1C0A1665-LR.jpg\",\"contentUrl\":\"https:\/\/fotografie-pg.de\/cms\/wp-content\/uploads\/2023\/05\/1C0A1665-LR.jpg\",\"width\":1200,\"height\":800},{\"@type\":\"BreadcrumbList\",\"@id\":\"https:\/\/fotografie-pg.de\/cms\/und-nochmal-magnolie\/#breadcrumb\",\"itemListElement\":[{\"@type\":\"ListItem\",\"position\":1,\"name\":\"Home\",\"item\":\"https:\/\/fotografie-pg.de\/cms\/\"},{\"@type\":\"ListItem\",\"position\":2,\"name\":\"Und nochmal: Magnolie\"}]},{\"@type\":\"WebSite\",\"@id\":\"https:\/\/fotografie-pg.de\/cms\/#website\",\"url\":\"https:\/\/fotografie-pg.de\/cms\/\",\"name\":\"fotografie - pg\",\"description\":\"Momente - Erinnerungen - Emotionen\",\"publisher\":{\"@id\":\"https:\/\/fotografie-pg.de\/cms\/#\/schema\/person\/3bfa8b4fdbe329cb32af3efc362fdece\"},\"potentialAction\":[{\"@type\":\"SearchAction\",\"target\":{\"@type\":\"EntryPoint\",\"urlTemplate\":\"https:\/\/fotografie-pg.de\/cms\/?s={search_term_string}\"},\"query-input\":{\"@type\":\"PropertyValueSpecification\",\"valueRequired\":true,\"valueName\":\"search_term_string\"}}],\"inLanguage\":\"de\"},{\"@type\":[\"Person\",\"Organization\"],\"@id\":\"https:\/\/fotografie-pg.de\/cms\/#\/schema\/person\/3bfa8b4fdbe329cb32af3efc362fdece\",\"name\":\"pETRA\",\"image\":{\"@type\":\"ImageObject\",\"inLanguage\":\"de\",\"@id\":\"https:\/\/fotografie-pg.de\/cms\/#\/schema\/person\/image\/\",\"url\":\"https:\/\/fotografie-pg.de\/cms\/wp-content\/uploads\/2017\/08\/cropped-cropped-logo-org-1.png\",\"contentUrl\":\"https:\/\/fotografie-pg.de\/cms\/wp-content\/uploads\/2017\/08\/cropped-cropped-logo-org-1.png\",\"width\":250,\"height\":250,\"caption\":\"pETRA\"},\"logo\":{\"@id\":\"https:\/\/fotografie-pg.de\/cms\/#\/schema\/person\/image\/\"},\"description\":\"- nicht ohne meine Kamera -\",\"sameAs\":[\"https:\/\/www.facebook.com\/petragertitschke\",\"https:\/\/www.instagram.com\/blue.maris\/\"],\"url\":\"https:\/\/fotografie-pg.de\/cms\/author\/petra\/\"}]}<\/script>\n<!-- \/ Yoast SEO plugin. -->","yoast_head_json":{"title":"Und nochmal: Magnolie &#8211; fotografie - pg","robots":{"index":"index","follow":"follow","max-snippet":"max-snippet:-1","max-image-preview":"max-image-preview:large","max-video-preview":"max-video-preview:-1"},"canonical":"https:\/\/fotografie-pg.de\/cms\/und-nochmal-magnolie\/","og_locale":"de_DE","og_type":"article","og_title":"Und nochmal: Magnolie &#8211; fotografie - pg","og_description":"Unsere Tulpenmagnolie dreht gerade eine zweite Bl\u00fchrunde, diesmal ohne Frostsch\u00e4den. Das ist Farbenkitsch pur, aber soo sch\u00f6n und ein Fall f\u00fcr das Lensbaby Velvet. Aus Zwei mach Vier mit je einer st\u00e4rker bearbeiteten Version \/ Wie immer: Klick aufs Bild macht gr\u00f6\u00dfer \u2665 pETRA","og_url":"https:\/\/fotografie-pg.de\/cms\/und-nochmal-magnolie\/","og_site_name":"fotografie - pg","article_publisher":"https:\/\/www.facebook.com\/petragertitschke","article_author":"https:\/\/www.facebook.com\/petragertitschke","article_published_time":"2023-05-05T16:36:47+00:00","article_modified_time":"2023-05-05T18:18:55+00:00","og_image":[{"width":1200,"height":800,"url":"https:\/\/fotografie-pg.de\/cms\/wp-content\/uploads\/2023\/05\/1C0A1665-LR.jpg","type":"image\/jpeg"}],"author":"pETRA","twitter_misc":{"Verfasst von":"pETRA","Gesch\u00e4tzte Lesezeit":"1\u00a0Minute"},"schema":{"@context":"https:\/\/schema.org","@graph":[{"@type":"Article","@id":"https:\/\/fotografie-pg.de\/cms\/und-nochmal-magnolie\/#article","isPartOf":{"@id":"https:\/\/fotografie-pg.de\/cms\/und-nochmal-magnolie\/"},"author":{"name":"pETRA","@id":"https:\/\/fotografie-pg.de\/cms\/#\/schema\/person\/3bfa8b4fdbe329cb32af3efc362fdece"},"headline":"Und nochmal: Magnolie","datePublished":"2023-05-05T16:36:47+00:00","dateModified":"2023-05-05T18:18:55+00:00","mainEntityOfPage":{"@id":"https:\/\/fotografie-pg.de\/cms\/und-nochmal-magnolie\/"},"wordCount":51,"commentCount":0,"publisher":{"@id":"https:\/\/fotografie-pg.de\/cms\/#\/schema\/person\/3bfa8b4fdbe329cb32af3efc362fdece"},"image":{"@id":"https:\/\/fotografie-pg.de\/cms\/und-nochmal-magnolie\/#primaryimage"},"thumbnailUrl":"https:\/\/fotografie-pg.de\/cms\/wp-content\/uploads\/2023\/05\/1C0A1665-LR.jpg","keywords":["Bl\u00fcten","Fr\u00fchling","Magnolie"],"articleSection":["FotoBlog"],"inLanguage":"de","potentialAction":[{"@type":"CommentAction","name":"Comment","target":["https:\/\/fotografie-pg.de\/cms\/und-nochmal-magnolie\/#respond"]}]},{"@type":"WebPage","@id":"https:\/\/fotografie-pg.de\/cms\/und-nochmal-magnolie\/","url":"https:\/\/fotografie-pg.de\/cms\/und-nochmal-magnolie\/","name":"Und nochmal: Magnolie &#8211; fotografie - pg","isPartOf":{"@id":"https:\/\/fotografie-pg.de\/cms\/#website"},"primaryImageOfPage":{"@id":"https:\/\/fotografie-pg.de\/cms\/und-nochmal-magnolie\/#primaryimage"},"image":{"@id":"https:\/\/fotografie-pg.de\/cms\/und-nochmal-magnolie\/#primaryimage"},"thumbnailUrl":"https:\/\/fotografie-pg.de\/cms\/wp-content\/uploads\/2023\/05\/1C0A1665-LR.jpg","datePublished":"2023-05-05T16:36:47+00:00","dateModified":"2023-05-05T18:18:55+00:00","breadcrumb":{"@id":"https:\/\/fotografie-pg.de\/cms\/und-nochmal-magnolie\/#breadcrumb"},"inLanguage":"de","potentialAction":[{"@type":"ReadAction","target":["https:\/\/fotografie-pg.de\/cms\/und-nochmal-magnolie\/"]}]},{"@type":"ImageObject","inLanguage":"de","@id":"https:\/\/fotografie-pg.de\/cms\/und-nochmal-magnolie\/#primaryimage","url":"https:\/\/fotografie-pg.de\/cms\/wp-content\/uploads\/2023\/05\/1C0A1665-LR.jpg","contentUrl":"https:\/\/fotografie-pg.de\/cms\/wp-content\/uploads\/2023\/05\/1C0A1665-LR.jpg","width":1200,"height":800},{"@type":"BreadcrumbList","@id":"https:\/\/fotografie-pg.de\/cms\/und-nochmal-magnolie\/#breadcrumb","itemListElement":[{"@type":"ListItem","position":1,"name":"Home","item":"https:\/\/fotografie-pg.de\/cms\/"},{"@type":"ListItem","position":2,"name":"Und nochmal: Magnolie"}]},{"@type":"WebSite","@id":"https:\/\/fotografie-pg.de\/cms\/#website","url":"https:\/\/fotografie-pg.de\/cms\/","name":"fotografie - pg","description":"Momente - Erinnerungen - Emotionen","publisher":{"@id":"https:\/\/fotografie-pg.de\/cms\/#\/schema\/person\/3bfa8b4fdbe329cb32af3efc362fdece"},"potentialAction":[{"@type":"SearchAction","target":{"@type":"EntryPoint","urlTemplate":"https:\/\/fotografie-pg.de\/cms\/?s={search_term_string}"},"query-input":{"@type":"PropertyValueSpecification","valueRequired":true,"valueName":"search_term_string"}}],"inLanguage":"de"},{"@type":["Person","Organization"],"@id":"https:\/\/fotografie-pg.de\/cms\/#\/schema\/person\/3bfa8b4fdbe329cb32af3efc362fdece","name":"pETRA","image":{"@type":"ImageObject","inLanguage":"de","@id":"https:\/\/fotografie-pg.de\/cms\/#\/schema\/person\/image\/","url":"https:\/\/fotografie-pg.de\/cms\/wp-content\/uploads\/2017\/08\/cropped-cropped-logo-org-1.png","contentUrl":"https:\/\/fotografie-pg.de\/cms\/wp-content\/uploads\/2017\/08\/cropped-cropped-logo-org-1.png","width":250,"height":250,"caption":"pETRA"},"logo":{"@id":"https:\/\/fotografie-pg.de\/cms\/#\/schema\/person\/image\/"},"description":"- nicht ohne meine Kamera -","sameAs":["https:\/\/www.facebook.com\/petragertitschke","https:\/\/www.instagram.com\/blue.maris\/"],"url":"https:\/\/fotografie-pg.de\/cms\/author\/petra\/"}]}},"uagb_featured_image_src":{"full":["https:\/\/fotografie-pg.de\/cms\/wp-content\/uploads\/2023\/05\/1C0A1665-LR.jpg",1200,800,false],"thumbnail":["https:\/\/fotografie-pg.de\/cms\/wp-content\/uploads\/2023\/05\/1C0A1665-LR-300x200.jpg",300,200,true],"medium":["https:\/\/fotografie-pg.de\/cms\/wp-content\/uploads\/2023\/05\/1C0A1665-LR-540x360.jpg",540,360,true],"medium_large":["https:\/\/fotografie-pg.de\/cms\/wp-content\/uploads\/2023\/05\/1C0A1665-LR-768x512.jpg",768,512,true],"large":["https:\/\/fotografie-pg.de\/cms\/wp-content\/uploads\/2023\/05\/1C0A1665-LR-1000x667.jpg",1000,667,true],"1536x1536":["https:\/\/fotografie-pg.de\/cms\/wp-content\/uploads\/2023\/05\/1C0A1665-LR.jpg",1200,800,false],"2048x2048":["https:\/\/fotografie-pg.de\/cms\/wp-content\/uploads\/2023\/05\/1C0A1665-LR.jpg",1200,800,false]},"uagb_author_info":{"display_name":"pETRA","author_link":"https:\/\/fotografie-pg.de\/cms\/author\/petra\/"},"uagb_comment_info":0,"uagb_excerpt":"Unsere Tulpenmagnolie dreht gerade eine zweite Bl\u00fchrunde, diesmal ohne Frostsch\u00e4den. Das ist Farbenkitsch pur, aber soo sch\u00f6n und ein Fall f\u00fcr das Lensbaby Velvet. Aus Zwei mach Vier mit je einer st\u00e4rker bearbeiteten Version \/ Wie immer: Klick aufs Bild macht gr\u00f6\u00dfer \u2665 pETRA","_links":{"self":[{"href":"https:\/\/fotografie-pg.de\/cms\/wp-json\/wp\/v2\/posts\/13949"}],"collection":[{"href":"https:\/\/fotografie-pg.de\/cms\/wp-json\/wp\/v2\/posts"}],"about":[{"href":"https:\/\/fotografie-pg.de\/cms\/wp-json\/wp\/v2\/types\/post"}],"author":[{"embeddable":true,"href":"https:\/\/fotografie-pg.de\/cms\/wp-json\/wp\/v2\/users\/4"}],"replies":[{"embeddable":true,"href":"https:\/\/fotografie-pg.de\/cms\/wp-json\/wp\/v2\/comments?post=13949"}],"version-history":[{"count":12,"href":"https:\/\/fotografie-pg.de\/cms\/wp-json\/wp\/v2\/posts\/13949\/revisions"}],"predecessor-version":[{"id":14031,"href":"https:\/\/fotografie-pg.de\/cms\/wp-json\/wp\/v2\/posts\/13949\/revisions\/14031"}],"wp:featuredmedia":[{"embeddable":true,"href":"https:\/\/fotografie-pg.de\/cms\/wp-json\/wp\/v2\/media\/13951"}],"wp:attachment":[{"href":"https:\/\/fotografie-pg.de\/cms\/wp-json\/wp\/v2\/media?parent=13949"}],"wp:term":[{"taxonomy":"category","embeddable":true,"href":"https:\/\/fotografie-pg.de\/cms\/wp-json\/wp\/v2\/categories?post=13949"},{"taxonomy":"post_tag","embeddable":true,"href":"https:\/\/fotografie-pg.de\/cms\/wp-json\/wp\/v2\/tags?post=13949"}],"curies":[{"name":"wp","href":"https:\/\/api.w.org\/{rel}","templated":true}]}}