{"id":2212,"date":"2015-02-24T07:00:40","date_gmt":"2015-02-24T06:00:40","guid":{"rendered":"http:\/\/pg-photo.eu\/start\/?p=2212"},"modified":"2016-04-29T08:23:29","modified_gmt":"2016-04-29T06:23:29","slug":"wintermezzo","status":"publish","type":"post","link":"https:\/\/fotografie-pg.de\/cms\/wintermezzo\/","title":{"rendered":"Wintermezzo"},"content":{"rendered":"<p>Hier noch mal eben 2 Winterbilder, bevor (hoffentlich bald) der Fr\u00fchling kommt:<\/p>\n<p><em>wie immer: Zum Vergr\u00f6\u00dfern bitte anklicken<\/em><\/p>\n<div id='gallery-1' class='gallery galleryid-2212 gallery-columns-2 gallery-size-thumbnail'><figure class='gallery-item'>\n\t\t\t<div class='gallery-icon landscape'>\n\t\t\t\t<a href='https:\/\/fotografie-pg.de\/cms\/wintermezzo\/img_3862-lr\/'><img loading=\"lazy\" decoding=\"async\" width=\"270\" height=\"180\" src=\"https:\/\/fotografie-pg.de\/cms\/wp-content\/uploads\/2015\/02\/IMG_3862-LR-270x180.jpg\" class=\"attachment-thumbnail size-thumbnail\" alt=\"Kleine Kapelle unter Birken\" aria-describedby=\"gallery-1-2375\" srcset=\"https:\/\/fotografie-pg.de\/cms\/wp-content\/uploads\/2015\/02\/IMG_3862-LR-270x180.jpg 270w, https:\/\/fotografie-pg.de\/cms\/wp-content\/uploads\/2015\/02\/IMG_3862-LR-540x360.jpg 540w, https:\/\/fotografie-pg.de\/cms\/wp-content\/uploads\/2015\/02\/IMG_3862-LR-768x512.jpg 768w, https:\/\/fotografie-pg.de\/cms\/wp-content\/uploads\/2015\/02\/IMG_3862-LR-864x580.jpg 864w, https:\/\/fotografie-pg.de\/cms\/wp-content\/uploads\/2015\/02\/IMG_3862-LR-800x533.jpg 800w, https:\/\/fotografie-pg.de\/cms\/wp-content\/uploads\/2015\/02\/IMG_3862-LR.jpg 870w\" sizes=\"(max-width: 270px) 100vw, 270px\" \/><\/a>\n\t\t\t<\/div>\n\t\t\t\t<figcaption class='wp-caption-text gallery-caption' id='gallery-1-2375'>\n\t\t\t\tKleine Kapelle unter Birken\n\t\t\t\t<\/figcaption><\/figure><figure class='gallery-item'>\n\t\t\t<div class='gallery-icon landscape'>\n\t\t\t\t<a href='https:\/\/fotografie-pg.de\/cms\/wintermezzo\/img_9389-lr\/'><img loading=\"lazy\" decoding=\"async\" width=\"270\" height=\"180\" src=\"https:\/\/fotografie-pg.de\/cms\/wp-content\/uploads\/2015\/02\/IMG_9389-LR-270x180.jpg\" class=\"attachment-thumbnail size-thumbnail\" alt=\"Kr\u00e4henbaum\" aria-describedby=\"gallery-1-2376\" srcset=\"https:\/\/fotografie-pg.de\/cms\/wp-content\/uploads\/2015\/02\/IMG_9389-LR-270x180.jpg 270w, https:\/\/fotografie-pg.de\/cms\/wp-content\/uploads\/2015\/02\/IMG_9389-LR-540x360.jpg 540w, https:\/\/fotografie-pg.de\/cms\/wp-content\/uploads\/2015\/02\/IMG_9389-LR-768x512.jpg 768w, https:\/\/fotografie-pg.de\/cms\/wp-content\/uploads\/2015\/02\/IMG_9389-LR-864x580.jpg 864w, https:\/\/fotografie-pg.de\/cms\/wp-content\/uploads\/2015\/02\/IMG_9389-LR-800x533.jpg 800w, https:\/\/fotografie-pg.de\/cms\/wp-content\/uploads\/2015\/02\/IMG_9389-LR.jpg 870w\" sizes=\"(max-width: 270px) 100vw, 270px\" \/><\/a>\n\t\t\t<\/div>\n\t\t\t\t<figcaption class='wp-caption-text gallery-caption' id='gallery-1-2376'>\n\t\t\t\tKr\u00e4henbaum\n\t\t\t\t<\/figcaption><\/figure>\n\t\t<\/div>\n\n","protected":false},"excerpt":{"rendered":"<p>Hier noch mal eben 2 Winterbilder, bevor (hoffentlich bald) der Fr\u00fchling kommt: wie immer: Zum Vergr\u00f6\u00dfern bitte anklicken<\/p>\n","protected":false},"author":2,"featured_media":2375,"comment_status":"open","ping_status":"closed","sticky":false,"template":"","format":"gallery","meta":{"_uag_custom_page_level_css":"","site-sidebar-layout":"default","site-content-layout":"","ast-site-content-layout":"default","site-content-style":"default","site-sidebar-style":"default","ast-global-header-display":"","ast-banner-title-visibility":"","ast-main-header-display":"","ast-hfb-above-header-display":"","ast-hfb-below-header-display":"","ast-hfb-mobile-header-display":"","site-post-title":"","ast-breadcrumbs-content":"","ast-featured-img":"","footer-sml-layout":"","ast-disable-related-posts":"","theme-transparent-header-meta":"","adv-header-id-meta":"","stick-header-meta":"","header-above-stick-meta":"","header-main-stick-meta":"","header-below-stick-meta":"","astra-migrate-meta-layouts":"default","ast-page-background-enabled":"default","ast-page-background-meta":{"desktop":{"background-color":"","background-image":"","background-repeat":"repeat","background-position":"center center","background-size":"auto","background-attachment":"scroll","background-type":"","background-media":"","overlay-type":"","overlay-color":"","overlay-opacity":"","overlay-gradient":""},"tablet":{"background-color":"","background-image":"","background-repeat":"repeat","background-position":"center center","background-size":"auto","background-attachment":"scroll","background-type":"","background-media":"","overlay-type":"","overlay-color":"","overlay-opacity":"","overlay-gradient":""},"mobile":{"background-color":"","background-image":"","background-repeat":"repeat","background-position":"center center","background-size":"auto","background-attachment":"scroll","background-type":"","background-media":"","overlay-type":"","overlay-color":"","overlay-opacity":"","overlay-gradient":""}},"ast-content-background-meta":{"desktop":{"background-color":"var(--ast-global-color-5)","background-image":"","background-repeat":"repeat","background-position":"center center","background-size":"auto","background-attachment":"scroll","background-type":"","background-media":"","overlay-type":"","overlay-color":"","overlay-opacity":"","overlay-gradient":""},"tablet":{"background-color":"var(--ast-global-color-5)","background-image":"","background-repeat":"repeat","background-position":"center center","background-size":"auto","background-attachment":"scroll","background-type":"","background-media":"","overlay-type":"","overlay-color":"","overlay-opacity":"","overlay-gradient":""},"mobile":{"background-color":"var(--ast-global-color-5)","background-image":"","background-repeat":"repeat","background-position":"center center","background-size":"auto","background-attachment":"scroll","background-type":"","background-media":"","overlay-type":"","overlay-color":"","overlay-opacity":"","overlay-gradient":""}},"footnotes":""},"categories":[63],"tags":[71,89,72,110,70],"yoast_head":"<!-- This site is optimized with the Yoast SEO plugin v24.5 - https:\/\/yoast.com\/wordpress\/plugins\/seo\/ -->\n<title>Wintermezzo &#8211; fotografie - pg<\/title>\n<meta name=\"robots\" content=\"index, follow, max-snippet:-1, max-image-preview:large, max-video-preview:-1\" \/>\n<link rel=\"canonical\" href=\"https:\/\/fotografie-pg.de\/cms\/wintermezzo\/\" \/>\n<meta property=\"og:locale\" content=\"de_DE\" \/>\n<meta property=\"og:type\" content=\"article\" \/>\n<meta property=\"og:title\" content=\"Wintermezzo &#8211; fotografie - pg\" \/>\n<meta property=\"og:description\" content=\"Hier noch mal eben 2 Winterbilder, bevor (hoffentlich bald) der Fr\u00fchling kommt: wie immer: Zum Vergr\u00f6\u00dfern bitte anklicken\" \/>\n<meta property=\"og:url\" content=\"https:\/\/fotografie-pg.de\/cms\/wintermezzo\/\" \/>\n<meta property=\"og:site_name\" content=\"fotografie - pg\" \/>\n<meta property=\"article:publisher\" content=\"https:\/\/www.facebook.com\/petragertitschke\" \/>\n<meta property=\"article:author\" content=\"https:\/\/www.facebook.com\/petragertitschke\" \/>\n<meta property=\"article:published_time\" content=\"2015-02-24T06:00:40+00:00\" \/>\n<meta property=\"article:modified_time\" content=\"2016-04-29T06:23:29+00:00\" \/>\n<meta property=\"og:image\" content=\"https:\/\/fotografie-pg.de\/cms\/wp-content\/uploads\/2015\/02\/IMG_3862-LR.jpg\" \/>\n\t<meta property=\"og:image:width\" content=\"870\" \/>\n\t<meta property=\"og:image:height\" content=\"580\" \/>\n\t<meta property=\"og:image:type\" content=\"image\/jpeg\" \/>\n<meta name=\"author\" content=\"pETRA\" \/>\n<meta name=\"twitter:label1\" content=\"Verfasst von\" \/>\n\t<meta name=\"twitter:data1\" content=\"pETRA\" \/>\n<script type=\"application\/ld+json\" class=\"yoast-schema-graph\">{\"@context\":\"https:\/\/schema.org\",\"@graph\":[{\"@type\":\"Article\",\"@id\":\"https:\/\/fotografie-pg.de\/cms\/wintermezzo\/#article\",\"isPartOf\":{\"@id\":\"https:\/\/fotografie-pg.de\/cms\/wintermezzo\/\"},\"author\":{\"name\":\"pETRA\",\"@id\":\"https:\/\/fotografie-pg.de\/cms\/#\/schema\/person\/7af96c24212578b724c22786968af8a7\"},\"headline\":\"Wintermezzo\",\"datePublished\":\"2015-02-24T06:00:40+00:00\",\"dateModified\":\"2016-04-29T06:23:29+00:00\",\"mainEntityOfPage\":{\"@id\":\"https:\/\/fotografie-pg.de\/cms\/wintermezzo\/\"},\"wordCount\":23,\"commentCount\":5,\"publisher\":{\"@id\":\"https:\/\/fotografie-pg.de\/cms\/#\/schema\/person\/3bfa8b4fdbe329cb32af3efc362fdece\"},\"image\":{\"@id\":\"https:\/\/fotografie-pg.de\/cms\/wintermezzo\/#primaryimage\"},\"thumbnailUrl\":\"https:\/\/fotografie-pg.de\/cms\/wp-content\/uploads\/2015\/02\/IMG_3862-LR.jpg\",\"keywords\":[\"B\u00e4ume\",\"Landschaft\",\"Laupheim\",\"Natur\",\"Winter\"],\"articleSection\":[\"FotoBlog\"],\"inLanguage\":\"de\",\"potentialAction\":[{\"@type\":\"CommentAction\",\"name\":\"Comment\",\"target\":[\"https:\/\/fotografie-pg.de\/cms\/wintermezzo\/#respond\"]}]},{\"@type\":\"WebPage\",\"@id\":\"https:\/\/fotografie-pg.de\/cms\/wintermezzo\/\",\"url\":\"https:\/\/fotografie-pg.de\/cms\/wintermezzo\/\",\"name\":\"Wintermezzo &#8211; fotografie - pg\",\"isPartOf\":{\"@id\":\"https:\/\/fotografie-pg.de\/cms\/#website\"},\"primaryImageOfPage\":{\"@id\":\"https:\/\/fotografie-pg.de\/cms\/wintermezzo\/#primaryimage\"},\"image\":{\"@id\":\"https:\/\/fotografie-pg.de\/cms\/wintermezzo\/#primaryimage\"},\"thumbnailUrl\":\"https:\/\/fotografie-pg.de\/cms\/wp-content\/uploads\/2015\/02\/IMG_3862-LR.jpg\",\"datePublished\":\"2015-02-24T06:00:40+00:00\",\"dateModified\":\"2016-04-29T06:23:29+00:00\",\"breadcrumb\":{\"@id\":\"https:\/\/fotografie-pg.de\/cms\/wintermezzo\/#breadcrumb\"},\"inLanguage\":\"de\",\"potentialAction\":[{\"@type\":\"ReadAction\",\"target\":[\"https:\/\/fotografie-pg.de\/cms\/wintermezzo\/\"]}]},{\"@type\":\"ImageObject\",\"inLanguage\":\"de\",\"@id\":\"https:\/\/fotografie-pg.de\/cms\/wintermezzo\/#primaryimage\",\"url\":\"https:\/\/fotografie-pg.de\/cms\/wp-content\/uploads\/2015\/02\/IMG_3862-LR.jpg\",\"contentUrl\":\"https:\/\/fotografie-pg.de\/cms\/wp-content\/uploads\/2015\/02\/IMG_3862-LR.jpg\",\"width\":870,\"height\":580,\"caption\":\"Kleine Kapelle unter Birken\"},{\"@type\":\"BreadcrumbList\",\"@id\":\"https:\/\/fotografie-pg.de\/cms\/wintermezzo\/#breadcrumb\",\"itemListElement\":[{\"@type\":\"ListItem\",\"position\":1,\"name\":\"Home\",\"item\":\"https:\/\/fotografie-pg.de\/cms\/\"},{\"@type\":\"ListItem\",\"position\":2,\"name\":\"Wintermezzo\"}]},{\"@type\":\"WebSite\",\"@id\":\"https:\/\/fotografie-pg.de\/cms\/#website\",\"url\":\"https:\/\/fotografie-pg.de\/cms\/\",\"name\":\"fotografie - pg\",\"description\":\"Momente - Erinnerungen - Emotionen\",\"publisher\":{\"@id\":\"https:\/\/fotografie-pg.de\/cms\/#\/schema\/person\/3bfa8b4fdbe329cb32af3efc362fdece\"},\"potentialAction\":[{\"@type\":\"SearchAction\",\"target\":{\"@type\":\"EntryPoint\",\"urlTemplate\":\"https:\/\/fotografie-pg.de\/cms\/?s={search_term_string}\"},\"query-input\":{\"@type\":\"PropertyValueSpecification\",\"valueRequired\":true,\"valueName\":\"search_term_string\"}}],\"inLanguage\":\"de\"},{\"@type\":[\"Person\",\"Organization\"],\"@id\":\"https:\/\/fotografie-pg.de\/cms\/#\/schema\/person\/3bfa8b4fdbe329cb32af3efc362fdece\",\"name\":\"pETRA\",\"image\":{\"@type\":\"ImageObject\",\"inLanguage\":\"de\",\"@id\":\"https:\/\/fotografie-pg.de\/cms\/#\/schema\/person\/image\/\",\"url\":\"https:\/\/fotografie-pg.de\/cms\/wp-content\/uploads\/2017\/08\/cropped-cropped-logo-org-1.png\",\"contentUrl\":\"https:\/\/fotografie-pg.de\/cms\/wp-content\/uploads\/2017\/08\/cropped-cropped-logo-org-1.png\",\"width\":250,\"height\":250,\"caption\":\"pETRA\"},\"logo\":{\"@id\":\"https:\/\/fotografie-pg.de\/cms\/#\/schema\/person\/image\/\"},\"description\":\"- nicht ohne meine Kamera -\",\"sameAs\":[\"https:\/\/www.facebook.com\/petragertitschke\",\"https:\/\/www.instagram.com\/blue.maris\/\"]},{\"@type\":\"Person\",\"@id\":\"https:\/\/fotografie-pg.de\/cms\/#\/schema\/person\/7af96c24212578b724c22786968af8a7\",\"name\":\"pETRA\",\"description\":\"... nicht ohne meine Kamera ...\",\"sameAs\":[\"https:\/\/fotografie-pg.de\",\"https:\/\/www.facebook.com\/petragertitschke\"],\"url\":\"https:\/\/fotografie-pg.de\/cms\/author\/petraxa\/\"}]}<\/script>\n<!-- \/ Yoast SEO plugin. -->","yoast_head_json":{"title":"Wintermezzo &#8211; fotografie - pg","robots":{"index":"index","follow":"follow","max-snippet":"max-snippet:-1","max-image-preview":"max-image-preview:large","max-video-preview":"max-video-preview:-1"},"canonical":"https:\/\/fotografie-pg.de\/cms\/wintermezzo\/","og_locale":"de_DE","og_type":"article","og_title":"Wintermezzo &#8211; fotografie - pg","og_description":"Hier noch mal eben 2 Winterbilder, bevor (hoffentlich bald) der Fr\u00fchling kommt: wie immer: Zum Vergr\u00f6\u00dfern bitte anklicken","og_url":"https:\/\/fotografie-pg.de\/cms\/wintermezzo\/","og_site_name":"fotografie - pg","article_publisher":"https:\/\/www.facebook.com\/petragertitschke","article_author":"https:\/\/www.facebook.com\/petragertitschke","article_published_time":"2015-02-24T06:00:40+00:00","article_modified_time":"2016-04-29T06:23:29+00:00","og_image":[{"width":870,"height":580,"url":"https:\/\/fotografie-pg.de\/cms\/wp-content\/uploads\/2015\/02\/IMG_3862-LR.jpg","type":"image\/jpeg"}],"author":"pETRA","twitter_misc":{"Verfasst von":"pETRA"},"schema":{"@context":"https:\/\/schema.org","@graph":[{"@type":"Article","@id":"https:\/\/fotografie-pg.de\/cms\/wintermezzo\/#article","isPartOf":{"@id":"https:\/\/fotografie-pg.de\/cms\/wintermezzo\/"},"author":{"name":"pETRA","@id":"https:\/\/fotografie-pg.de\/cms\/#\/schema\/person\/7af96c24212578b724c22786968af8a7"},"headline":"Wintermezzo","datePublished":"2015-02-24T06:00:40+00:00","dateModified":"2016-04-29T06:23:29+00:00","mainEntityOfPage":{"@id":"https:\/\/fotografie-pg.de\/cms\/wintermezzo\/"},"wordCount":23,"commentCount":5,"publisher":{"@id":"https:\/\/fotografie-pg.de\/cms\/#\/schema\/person\/3bfa8b4fdbe329cb32af3efc362fdece"},"image":{"@id":"https:\/\/fotografie-pg.de\/cms\/wintermezzo\/#primaryimage"},"thumbnailUrl":"https:\/\/fotografie-pg.de\/cms\/wp-content\/uploads\/2015\/02\/IMG_3862-LR.jpg","keywords":["B\u00e4ume","Landschaft","Laupheim","Natur","Winter"],"articleSection":["FotoBlog"],"inLanguage":"de","potentialAction":[{"@type":"CommentAction","name":"Comment","target":["https:\/\/fotografie-pg.de\/cms\/wintermezzo\/#respond"]}]},{"@type":"WebPage","@id":"https:\/\/fotografie-pg.de\/cms\/wintermezzo\/","url":"https:\/\/fotografie-pg.de\/cms\/wintermezzo\/","name":"Wintermezzo &#8211; fotografie - pg","isPartOf":{"@id":"https:\/\/fotografie-pg.de\/cms\/#website"},"primaryImageOfPage":{"@id":"https:\/\/fotografie-pg.de\/cms\/wintermezzo\/#primaryimage"},"image":{"@id":"https:\/\/fotografie-pg.de\/cms\/wintermezzo\/#primaryimage"},"thumbnailUrl":"https:\/\/fotografie-pg.de\/cms\/wp-content\/uploads\/2015\/02\/IMG_3862-LR.jpg","datePublished":"2015-02-24T06:00:40+00:00","dateModified":"2016-04-29T06:23:29+00:00","breadcrumb":{"@id":"https:\/\/fotografie-pg.de\/cms\/wintermezzo\/#breadcrumb"},"inLanguage":"de","potentialAction":[{"@type":"ReadAction","target":["https:\/\/fotografie-pg.de\/cms\/wintermezzo\/"]}]},{"@type":"ImageObject","inLanguage":"de","@id":"https:\/\/fotografie-pg.de\/cms\/wintermezzo\/#primaryimage","url":"https:\/\/fotografie-pg.de\/cms\/wp-content\/uploads\/2015\/02\/IMG_3862-LR.jpg","contentUrl":"https:\/\/fotografie-pg.de\/cms\/wp-content\/uploads\/2015\/02\/IMG_3862-LR.jpg","width":870,"height":580,"caption":"Kleine Kapelle unter Birken"},{"@type":"BreadcrumbList","@id":"https:\/\/fotografie-pg.de\/cms\/wintermezzo\/#breadcrumb","itemListElement":[{"@type":"ListItem","position":1,"name":"Home","item":"https:\/\/fotografie-pg.de\/cms\/"},{"@type":"ListItem","position":2,"name":"Wintermezzo"}]},{"@type":"WebSite","@id":"https:\/\/fotografie-pg.de\/cms\/#website","url":"https:\/\/fotografie-pg.de\/cms\/","name":"fotografie - pg","description":"Momente - Erinnerungen - Emotionen","publisher":{"@id":"https:\/\/fotografie-pg.de\/cms\/#\/schema\/person\/3bfa8b4fdbe329cb32af3efc362fdece"},"potentialAction":[{"@type":"SearchAction","target":{"@type":"EntryPoint","urlTemplate":"https:\/\/fotografie-pg.de\/cms\/?s={search_term_string}"},"query-input":{"@type":"PropertyValueSpecification","valueRequired":true,"valueName":"search_term_string"}}],"inLanguage":"de"},{"@type":["Person","Organization"],"@id":"https:\/\/fotografie-pg.de\/cms\/#\/schema\/person\/3bfa8b4fdbe329cb32af3efc362fdece","name":"pETRA","image":{"@type":"ImageObject","inLanguage":"de","@id":"https:\/\/fotografie-pg.de\/cms\/#\/schema\/person\/image\/","url":"https:\/\/fotografie-pg.de\/cms\/wp-content\/uploads\/2017\/08\/cropped-cropped-logo-org-1.png","contentUrl":"https:\/\/fotografie-pg.de\/cms\/wp-content\/uploads\/2017\/08\/cropped-cropped-logo-org-1.png","width":250,"height":250,"caption":"pETRA"},"logo":{"@id":"https:\/\/fotografie-pg.de\/cms\/#\/schema\/person\/image\/"},"description":"- nicht ohne meine Kamera -","sameAs":["https:\/\/www.facebook.com\/petragertitschke","https:\/\/www.instagram.com\/blue.maris\/"]},{"@type":"Person","@id":"https:\/\/fotografie-pg.de\/cms\/#\/schema\/person\/7af96c24212578b724c22786968af8a7","name":"pETRA","description":"... nicht ohne meine Kamera ...","sameAs":["https:\/\/fotografie-pg.de","https:\/\/www.facebook.com\/petragertitschke"],"url":"https:\/\/fotografie-pg.de\/cms\/author\/petraxa\/"}]}},"uagb_featured_image_src":{"full":["https:\/\/fotografie-pg.de\/cms\/wp-content\/uploads\/2015\/02\/IMG_3862-LR.jpg",870,580,false],"thumbnail":["https:\/\/fotografie-pg.de\/cms\/wp-content\/uploads\/2015\/02\/IMG_3862-LR-270x180.jpg",270,180,true],"medium":["https:\/\/fotografie-pg.de\/cms\/wp-content\/uploads\/2015\/02\/IMG_3862-LR-540x360.jpg",540,360,true],"medium_large":["https:\/\/fotografie-pg.de\/cms\/wp-content\/uploads\/2015\/02\/IMG_3862-LR-768x512.jpg",768,512,true],"large":["https:\/\/fotografie-pg.de\/cms\/wp-content\/uploads\/2015\/02\/IMG_3862-LR.jpg",870,580,false],"1536x1536":["https:\/\/fotografie-pg.de\/cms\/wp-content\/uploads\/2015\/02\/IMG_3862-LR.jpg",870,580,false],"2048x2048":["https:\/\/fotografie-pg.de\/cms\/wp-content\/uploads\/2015\/02\/IMG_3862-LR.jpg",870,580,false]},"uagb_author_info":{"display_name":"pETRA","author_link":"https:\/\/fotografie-pg.de\/cms\/author\/petraxa\/"},"uagb_comment_info":5,"uagb_excerpt":"Hier noch mal eben 2 Winterbilder, bevor (hoffentlich bald) der Fr\u00fchling kommt: wie immer: Zum Vergr\u00f6\u00dfern bitte anklicken","_links":{"self":[{"href":"https:\/\/fotografie-pg.de\/cms\/wp-json\/wp\/v2\/posts\/2212"}],"collection":[{"href":"https:\/\/fotografie-pg.de\/cms\/wp-json\/wp\/v2\/posts"}],"about":[{"href":"https:\/\/fotografie-pg.de\/cms\/wp-json\/wp\/v2\/types\/post"}],"author":[{"embeddable":true,"href":"https:\/\/fotografie-pg.de\/cms\/wp-json\/wp\/v2\/users\/2"}],"replies":[{"embeddable":true,"href":"https:\/\/fotografie-pg.de\/cms\/wp-json\/wp\/v2\/comments?post=2212"}],"version-history":[{"count":0,"href":"https:\/\/fotografie-pg.de\/cms\/wp-json\/wp\/v2\/posts\/2212\/revisions"}],"wp:featuredmedia":[{"embeddable":true,"href":"https:\/\/fotografie-pg.de\/cms\/wp-json\/wp\/v2\/media\/2375"}],"wp:attachment":[{"href":"https:\/\/fotografie-pg.de\/cms\/wp-json\/wp\/v2\/media?parent=2212"}],"wp:term":[{"taxonomy":"category","embeddable":true,"href":"https:\/\/fotografie-pg.de\/cms\/wp-json\/wp\/v2\/categories?post=2212"},{"taxonomy":"post_tag","embeddable":true,"href":"https:\/\/fotografie-pg.de\/cms\/wp-json\/wp\/v2\/tags?post=2212"}],"curies":[{"name":"wp","href":"https:\/\/api.w.org\/{rel}","templated":true}]}}