{"id":2450,"date":"2015-10-21T08:00:36","date_gmt":"2015-10-21T06:00:36","guid":{"rendered":"http:\/\/fotografie-pg.de\/cms\/?p=2450"},"modified":"2017-08-12T00:46:57","modified_gmt":"2017-08-11T22:46:57","slug":"bluetenintermezzo-iii","status":"publish","type":"post","link":"https:\/\/fotografie-pg.de\/cms\/bluetenintermezzo-iii\/","title":{"rendered":"Bl\u00fcten-Intermezzo III"},"content":{"rendered":"<p>Jedes Jahr von August bis November &#8211; und immer wieder sch\u00f6n: Die Herbst- bzw. Japananemone = Lieblingsblume, weil sie oft auch im November noch bl\u00fcht. Die Fotos sind Anfang Oktober entstanden.<br \/>\n<em>&#8211; zum Vergr\u00f6\u00dfern bitte anklicken<\/em><\/p>\n<div id='gallery-1' class='gallery galleryid-2450 gallery-columns-3 gallery-size-thumbnail'><figure class='gallery-item'>\n\t\t\t<div class='gallery-icon landscape'>\n\t\t\t\t<a href='https:\/\/fotografie-pg.de\/cms\/wp-content\/uploads\/2015\/11\/PG5_1822-Bearbeitet-LR-2.jpg'><img loading=\"lazy\" decoding=\"async\" width=\"270\" height=\"180\" src=\"https:\/\/fotografie-pg.de\/cms\/wp-content\/uploads\/2015\/11\/PG5_1822-Bearbeitet-LR-2-270x180.jpg\" class=\"attachment-thumbnail size-thumbnail\" alt=\"Herbst-\/Japananemone I\" aria-describedby=\"gallery-1-2451\" srcset=\"https:\/\/fotografie-pg.de\/cms\/wp-content\/uploads\/2015\/11\/PG5_1822-Bearbeitet-LR-2-270x180.jpg 270w, https:\/\/fotografie-pg.de\/cms\/wp-content\/uploads\/2015\/11\/PG5_1822-Bearbeitet-LR-2-540x360.jpg 540w, https:\/\/fotografie-pg.de\/cms\/wp-content\/uploads\/2015\/11\/PG5_1822-Bearbeitet-LR-2-768x512.jpg 768w, https:\/\/fotografie-pg.de\/cms\/wp-content\/uploads\/2015\/11\/PG5_1822-Bearbeitet-LR-2-864x580.jpg 864w, https:\/\/fotografie-pg.de\/cms\/wp-content\/uploads\/2015\/11\/PG5_1822-Bearbeitet-LR-2-800x533.jpg 800w, https:\/\/fotografie-pg.de\/cms\/wp-content\/uploads\/2015\/11\/PG5_1822-Bearbeitet-LR-2.jpg 870w\" sizes=\"(max-width: 270px) 100vw, 270px\" \/><\/a>\n\t\t\t<\/div>\n\t\t\t\t<figcaption class='wp-caption-text gallery-caption' id='gallery-1-2451'>\n\t\t\t\tHerbst-\/Japananemone I\n\t\t\t\t<\/figcaption><\/figure><figure class='gallery-item'>\n\t\t\t<div class='gallery-icon landscape'>\n\t\t\t\t<a href='https:\/\/fotografie-pg.de\/cms\/wp-content\/uploads\/2015\/11\/PG5_1827-LR.jpg'><img loading=\"lazy\" decoding=\"async\" width=\"270\" height=\"180\" src=\"https:\/\/fotografie-pg.de\/cms\/wp-content\/uploads\/2015\/11\/PG5_1827-LR-270x180.jpg\" class=\"attachment-thumbnail size-thumbnail\" alt=\"Herbst-\/Japananemone II\" aria-describedby=\"gallery-1-2452\" srcset=\"https:\/\/fotografie-pg.de\/cms\/wp-content\/uploads\/2015\/11\/PG5_1827-LR-270x180.jpg 270w, https:\/\/fotografie-pg.de\/cms\/wp-content\/uploads\/2015\/11\/PG5_1827-LR-540x360.jpg 540w, https:\/\/fotografie-pg.de\/cms\/wp-content\/uploads\/2015\/11\/PG5_1827-LR-768x512.jpg 768w, https:\/\/fotografie-pg.de\/cms\/wp-content\/uploads\/2015\/11\/PG5_1827-LR-864x580.jpg 864w, https:\/\/fotografie-pg.de\/cms\/wp-content\/uploads\/2015\/11\/PG5_1827-LR-800x533.jpg 800w, https:\/\/fotografie-pg.de\/cms\/wp-content\/uploads\/2015\/11\/PG5_1827-LR.jpg 870w\" sizes=\"(max-width: 270px) 100vw, 270px\" \/><\/a>\n\t\t\t<\/div>\n\t\t\t\t<figcaption class='wp-caption-text gallery-caption' id='gallery-1-2452'>\n\t\t\t\tHerbst-\/Japananemone II\n\t\t\t\t<\/figcaption><\/figure><figure class='gallery-item'>\n\t\t\t<div class='gallery-icon landscape'>\n\t\t\t\t<a href='https:\/\/fotografie-pg.de\/cms\/wp-content\/uploads\/2015\/11\/PG5_1829-LR.jpg'><img loading=\"lazy\" decoding=\"async\" width=\"270\" height=\"180\" src=\"https:\/\/fotografie-pg.de\/cms\/wp-content\/uploads\/2015\/11\/PG5_1829-LR-270x180.jpg\" class=\"attachment-thumbnail size-thumbnail\" alt=\"Herbst-\/Japananemone III\" aria-describedby=\"gallery-1-2453\" srcset=\"https:\/\/fotografie-pg.de\/cms\/wp-content\/uploads\/2015\/11\/PG5_1829-LR-270x180.jpg 270w, https:\/\/fotografie-pg.de\/cms\/wp-content\/uploads\/2015\/11\/PG5_1829-LR-540x360.jpg 540w, https:\/\/fotografie-pg.de\/cms\/wp-content\/uploads\/2015\/11\/PG5_1829-LR-768x512.jpg 768w, https:\/\/fotografie-pg.de\/cms\/wp-content\/uploads\/2015\/11\/PG5_1829-LR-864x580.jpg 864w, https:\/\/fotografie-pg.de\/cms\/wp-content\/uploads\/2015\/11\/PG5_1829-LR-800x533.jpg 800w, https:\/\/fotografie-pg.de\/cms\/wp-content\/uploads\/2015\/11\/PG5_1829-LR.jpg 870w\" sizes=\"(max-width: 270px) 100vw, 270px\" \/><\/a>\n\t\t\t<\/div>\n\t\t\t\t<figcaption class='wp-caption-text gallery-caption' id='gallery-1-2453'>\n\t\t\t\tHerbst-\/Japananemone III\n\t\t\t\t<\/figcaption><\/figure>\n\t\t<\/div>\n\n<p style=\"text-align: center;\">\n","protected":false},"excerpt":{"rendered":"<p>Jedes Jahr von August bis November &#8211; und immer wieder sch\u00f6n: Die Herbst- bzw. Japananemone = Lieblingsblume, weil sie oft auch im November noch bl\u00fcht. Die Fotos sind Anfang Oktober entstanden. &#8211; zum Vergr\u00f6\u00dfern bitte anklicken<\/p>\n","protected":false},"author":2,"featured_media":2452,"comment_status":"open","ping_status":"closed","sticky":false,"template":"","format":"gallery","meta":{"_uag_custom_page_level_css":"","site-sidebar-layout":"default","site-content-layout":"","ast-site-content-layout":"default","site-content-style":"default","site-sidebar-style":"default","ast-global-header-display":"","ast-banner-title-visibility":"","ast-main-header-display":"","ast-hfb-above-header-display":"","ast-hfb-below-header-display":"","ast-hfb-mobile-header-display":"","site-post-title":"","ast-breadcrumbs-content":"","ast-featured-img":"","footer-sml-layout":"","ast-disable-related-posts":"","theme-transparent-header-meta":"","adv-header-id-meta":"","stick-header-meta":"","header-above-stick-meta":"","header-main-stick-meta":"","header-below-stick-meta":"","astra-migrate-meta-layouts":"default","ast-page-background-enabled":"default","ast-page-background-meta":{"desktop":{"background-color":"","background-image":"","background-repeat":"repeat","background-position":"center center","background-size":"auto","background-attachment":"scroll","background-type":"","background-media":"","overlay-type":"","overlay-color":"","overlay-opacity":"","overlay-gradient":""},"tablet":{"background-color":"","background-image":"","background-repeat":"repeat","background-position":"center center","background-size":"auto","background-attachment":"scroll","background-type":"","background-media":"","overlay-type":"","overlay-color":"","overlay-opacity":"","overlay-gradient":""},"mobile":{"background-color":"","background-image":"","background-repeat":"repeat","background-position":"center center","background-size":"auto","background-attachment":"scroll","background-type":"","background-media":"","overlay-type":"","overlay-color":"","overlay-opacity":"","overlay-gradient":""}},"ast-content-background-meta":{"desktop":{"background-color":"var(--ast-global-color-5)","background-image":"","background-repeat":"repeat","background-position":"center center","background-size":"auto","background-attachment":"scroll","background-type":"","background-media":"","overlay-type":"","overlay-color":"","overlay-opacity":"","overlay-gradient":""},"tablet":{"background-color":"var(--ast-global-color-5)","background-image":"","background-repeat":"repeat","background-position":"center center","background-size":"auto","background-attachment":"scroll","background-type":"","background-media":"","overlay-type":"","overlay-color":"","overlay-opacity":"","overlay-gradient":""},"mobile":{"background-color":"var(--ast-global-color-5)","background-image":"","background-repeat":"repeat","background-position":"center center","background-size":"auto","background-attachment":"scroll","background-type":"","background-media":"","overlay-type":"","overlay-color":"","overlay-opacity":"","overlay-gradient":""}},"footnotes":""},"categories":[63],"tags":[67,95,96,77,78],"yoast_head":"<!-- This site is optimized with the Yoast SEO plugin v24.5 - https:\/\/yoast.com\/wordpress\/plugins\/seo\/ -->\n<title>Bl\u00fcten-Intermezzo III &#8211; fotografie - pg<\/title>\n<meta name=\"robots\" content=\"index, follow, max-snippet:-1, max-image-preview:large, max-video-preview:-1\" \/>\n<link rel=\"canonical\" href=\"https:\/\/fotografie-pg.de\/cms\/bluetenintermezzo-iii\/\" \/>\n<meta property=\"og:locale\" content=\"de_DE\" \/>\n<meta property=\"og:type\" content=\"article\" \/>\n<meta property=\"og:title\" content=\"Bl\u00fcten-Intermezzo III &#8211; fotografie - pg\" \/>\n<meta property=\"og:description\" content=\"Jedes Jahr von August bis November &#8211; und immer wieder sch\u00f6n: Die Herbst- bzw. Japananemone = Lieblingsblume, weil sie oft auch im November noch bl\u00fcht. Die Fotos sind Anfang Oktober entstanden. &#8211; zum Vergr\u00f6\u00dfern bitte anklicken\" \/>\n<meta property=\"og:url\" content=\"https:\/\/fotografie-pg.de\/cms\/bluetenintermezzo-iii\/\" \/>\n<meta property=\"og:site_name\" content=\"fotografie - pg\" \/>\n<meta property=\"article:publisher\" content=\"https:\/\/www.facebook.com\/petragertitschke\" \/>\n<meta property=\"article:author\" content=\"https:\/\/www.facebook.com\/petragertitschke\" \/>\n<meta property=\"article:published_time\" content=\"2015-10-21T06:00:36+00:00\" \/>\n<meta property=\"article:modified_time\" content=\"2017-08-11T22:46:57+00:00\" \/>\n<meta property=\"og:image\" content=\"https:\/\/fotografie-pg.de\/cms\/wp-content\/uploads\/2015\/11\/PG5_1827-LR.jpg\" \/>\n\t<meta property=\"og:image:width\" content=\"870\" \/>\n\t<meta property=\"og:image:height\" content=\"580\" \/>\n\t<meta property=\"og:image:type\" content=\"image\/jpeg\" \/>\n<meta name=\"author\" content=\"pETRA\" \/>\n<meta name=\"twitter:label1\" content=\"Verfasst von\" \/>\n\t<meta name=\"twitter:data1\" content=\"pETRA\" \/>\n<script type=\"application\/ld+json\" class=\"yoast-schema-graph\">{\"@context\":\"https:\/\/schema.org\",\"@graph\":[{\"@type\":\"Article\",\"@id\":\"https:\/\/fotografie-pg.de\/cms\/bluetenintermezzo-iii\/#article\",\"isPartOf\":{\"@id\":\"https:\/\/fotografie-pg.de\/cms\/bluetenintermezzo-iii\/\"},\"author\":{\"name\":\"pETRA\",\"@id\":\"https:\/\/fotografie-pg.de\/cms\/#\/schema\/person\/7af96c24212578b724c22786968af8a7\"},\"headline\":\"Bl\u00fcten-Intermezzo III\",\"datePublished\":\"2015-10-21T06:00:36+00:00\",\"dateModified\":\"2017-08-11T22:46:57+00:00\",\"mainEntityOfPage\":{\"@id\":\"https:\/\/fotografie-pg.de\/cms\/bluetenintermezzo-iii\/\"},\"wordCount\":45,\"commentCount\":0,\"publisher\":{\"@id\":\"https:\/\/fotografie-pg.de\/cms\/#\/schema\/person\/3bfa8b4fdbe329cb32af3efc362fdece\"},\"image\":{\"@id\":\"https:\/\/fotografie-pg.de\/cms\/bluetenintermezzo-iii\/#primaryimage\"},\"thumbnailUrl\":\"https:\/\/fotografie-pg.de\/cms\/wp-content\/uploads\/2015\/11\/PG5_1827-LR.jpg\",\"keywords\":[\"Bl\u00fcten\",\"Bokeh\",\"Doppel-\/Mehrfachbelichtung\",\"Herbst\",\"Japananemone\"],\"articleSection\":[\"FotoBlog\"],\"inLanguage\":\"de\",\"potentialAction\":[{\"@type\":\"CommentAction\",\"name\":\"Comment\",\"target\":[\"https:\/\/fotografie-pg.de\/cms\/bluetenintermezzo-iii\/#respond\"]}]},{\"@type\":\"WebPage\",\"@id\":\"https:\/\/fotografie-pg.de\/cms\/bluetenintermezzo-iii\/\",\"url\":\"https:\/\/fotografie-pg.de\/cms\/bluetenintermezzo-iii\/\",\"name\":\"Bl\u00fcten-Intermezzo III &#8211; fotografie - pg\",\"isPartOf\":{\"@id\":\"https:\/\/fotografie-pg.de\/cms\/#website\"},\"primaryImageOfPage\":{\"@id\":\"https:\/\/fotografie-pg.de\/cms\/bluetenintermezzo-iii\/#primaryimage\"},\"image\":{\"@id\":\"https:\/\/fotografie-pg.de\/cms\/bluetenintermezzo-iii\/#primaryimage\"},\"thumbnailUrl\":\"https:\/\/fotografie-pg.de\/cms\/wp-content\/uploads\/2015\/11\/PG5_1827-LR.jpg\",\"datePublished\":\"2015-10-21T06:00:36+00:00\",\"dateModified\":\"2017-08-11T22:46:57+00:00\",\"breadcrumb\":{\"@id\":\"https:\/\/fotografie-pg.de\/cms\/bluetenintermezzo-iii\/#breadcrumb\"},\"inLanguage\":\"de\",\"potentialAction\":[{\"@type\":\"ReadAction\",\"target\":[\"https:\/\/fotografie-pg.de\/cms\/bluetenintermezzo-iii\/\"]}]},{\"@type\":\"ImageObject\",\"inLanguage\":\"de\",\"@id\":\"https:\/\/fotografie-pg.de\/cms\/bluetenintermezzo-iii\/#primaryimage\",\"url\":\"https:\/\/fotografie-pg.de\/cms\/wp-content\/uploads\/2015\/11\/PG5_1827-LR.jpg\",\"contentUrl\":\"https:\/\/fotografie-pg.de\/cms\/wp-content\/uploads\/2015\/11\/PG5_1827-LR.jpg\",\"width\":870,\"height\":580,\"caption\":\"Herbst-\/Japananemone II\"},{\"@type\":\"BreadcrumbList\",\"@id\":\"https:\/\/fotografie-pg.de\/cms\/bluetenintermezzo-iii\/#breadcrumb\",\"itemListElement\":[{\"@type\":\"ListItem\",\"position\":1,\"name\":\"Home\",\"item\":\"https:\/\/fotografie-pg.de\/cms\/\"},{\"@type\":\"ListItem\",\"position\":2,\"name\":\"Bl\u00fcten-Intermezzo III\"}]},{\"@type\":\"WebSite\",\"@id\":\"https:\/\/fotografie-pg.de\/cms\/#website\",\"url\":\"https:\/\/fotografie-pg.de\/cms\/\",\"name\":\"fotografie - pg\",\"description\":\"Momente - Erinnerungen - Emotionen\",\"publisher\":{\"@id\":\"https:\/\/fotografie-pg.de\/cms\/#\/schema\/person\/3bfa8b4fdbe329cb32af3efc362fdece\"},\"potentialAction\":[{\"@type\":\"SearchAction\",\"target\":{\"@type\":\"EntryPoint\",\"urlTemplate\":\"https:\/\/fotografie-pg.de\/cms\/?s={search_term_string}\"},\"query-input\":{\"@type\":\"PropertyValueSpecification\",\"valueRequired\":true,\"valueName\":\"search_term_string\"}}],\"inLanguage\":\"de\"},{\"@type\":[\"Person\",\"Organization\"],\"@id\":\"https:\/\/fotografie-pg.de\/cms\/#\/schema\/person\/3bfa8b4fdbe329cb32af3efc362fdece\",\"name\":\"pETRA\",\"image\":{\"@type\":\"ImageObject\",\"inLanguage\":\"de\",\"@id\":\"https:\/\/fotografie-pg.de\/cms\/#\/schema\/person\/image\/\",\"url\":\"https:\/\/fotografie-pg.de\/cms\/wp-content\/uploads\/2017\/08\/cropped-cropped-logo-org-1.png\",\"contentUrl\":\"https:\/\/fotografie-pg.de\/cms\/wp-content\/uploads\/2017\/08\/cropped-cropped-logo-org-1.png\",\"width\":250,\"height\":250,\"caption\":\"pETRA\"},\"logo\":{\"@id\":\"https:\/\/fotografie-pg.de\/cms\/#\/schema\/person\/image\/\"},\"description\":\"- nicht ohne meine Kamera -\",\"sameAs\":[\"https:\/\/www.facebook.com\/petragertitschke\",\"https:\/\/www.instagram.com\/blue.maris\/\"]},{\"@type\":\"Person\",\"@id\":\"https:\/\/fotografie-pg.de\/cms\/#\/schema\/person\/7af96c24212578b724c22786968af8a7\",\"name\":\"pETRA\",\"description\":\"... nicht ohne meine Kamera ...\",\"sameAs\":[\"https:\/\/fotografie-pg.de\",\"https:\/\/www.facebook.com\/petragertitschke\"],\"url\":\"https:\/\/fotografie-pg.de\/cms\/author\/petraxa\/\"}]}<\/script>\n<!-- \/ Yoast SEO plugin. -->","yoast_head_json":{"title":"Bl\u00fcten-Intermezzo III &#8211; fotografie - pg","robots":{"index":"index","follow":"follow","max-snippet":"max-snippet:-1","max-image-preview":"max-image-preview:large","max-video-preview":"max-video-preview:-1"},"canonical":"https:\/\/fotografie-pg.de\/cms\/bluetenintermezzo-iii\/","og_locale":"de_DE","og_type":"article","og_title":"Bl\u00fcten-Intermezzo III &#8211; fotografie - pg","og_description":"Jedes Jahr von August bis November &#8211; und immer wieder sch\u00f6n: Die Herbst- bzw. Japananemone = Lieblingsblume, weil sie oft auch im November noch bl\u00fcht. Die Fotos sind Anfang Oktober entstanden. &#8211; zum Vergr\u00f6\u00dfern bitte anklicken","og_url":"https:\/\/fotografie-pg.de\/cms\/bluetenintermezzo-iii\/","og_site_name":"fotografie - pg","article_publisher":"https:\/\/www.facebook.com\/petragertitschke","article_author":"https:\/\/www.facebook.com\/petragertitschke","article_published_time":"2015-10-21T06:00:36+00:00","article_modified_time":"2017-08-11T22:46:57+00:00","og_image":[{"width":870,"height":580,"url":"https:\/\/fotografie-pg.de\/cms\/wp-content\/uploads\/2015\/11\/PG5_1827-LR.jpg","type":"image\/jpeg"}],"author":"pETRA","twitter_misc":{"Verfasst von":"pETRA"},"schema":{"@context":"https:\/\/schema.org","@graph":[{"@type":"Article","@id":"https:\/\/fotografie-pg.de\/cms\/bluetenintermezzo-iii\/#article","isPartOf":{"@id":"https:\/\/fotografie-pg.de\/cms\/bluetenintermezzo-iii\/"},"author":{"name":"pETRA","@id":"https:\/\/fotografie-pg.de\/cms\/#\/schema\/person\/7af96c24212578b724c22786968af8a7"},"headline":"Bl\u00fcten-Intermezzo III","datePublished":"2015-10-21T06:00:36+00:00","dateModified":"2017-08-11T22:46:57+00:00","mainEntityOfPage":{"@id":"https:\/\/fotografie-pg.de\/cms\/bluetenintermezzo-iii\/"},"wordCount":45,"commentCount":0,"publisher":{"@id":"https:\/\/fotografie-pg.de\/cms\/#\/schema\/person\/3bfa8b4fdbe329cb32af3efc362fdece"},"image":{"@id":"https:\/\/fotografie-pg.de\/cms\/bluetenintermezzo-iii\/#primaryimage"},"thumbnailUrl":"https:\/\/fotografie-pg.de\/cms\/wp-content\/uploads\/2015\/11\/PG5_1827-LR.jpg","keywords":["Bl\u00fcten","Bokeh","Doppel-\/Mehrfachbelichtung","Herbst","Japananemone"],"articleSection":["FotoBlog"],"inLanguage":"de","potentialAction":[{"@type":"CommentAction","name":"Comment","target":["https:\/\/fotografie-pg.de\/cms\/bluetenintermezzo-iii\/#respond"]}]},{"@type":"WebPage","@id":"https:\/\/fotografie-pg.de\/cms\/bluetenintermezzo-iii\/","url":"https:\/\/fotografie-pg.de\/cms\/bluetenintermezzo-iii\/","name":"Bl\u00fcten-Intermezzo III &#8211; fotografie - pg","isPartOf":{"@id":"https:\/\/fotografie-pg.de\/cms\/#website"},"primaryImageOfPage":{"@id":"https:\/\/fotografie-pg.de\/cms\/bluetenintermezzo-iii\/#primaryimage"},"image":{"@id":"https:\/\/fotografie-pg.de\/cms\/bluetenintermezzo-iii\/#primaryimage"},"thumbnailUrl":"https:\/\/fotografie-pg.de\/cms\/wp-content\/uploads\/2015\/11\/PG5_1827-LR.jpg","datePublished":"2015-10-21T06:00:36+00:00","dateModified":"2017-08-11T22:46:57+00:00","breadcrumb":{"@id":"https:\/\/fotografie-pg.de\/cms\/bluetenintermezzo-iii\/#breadcrumb"},"inLanguage":"de","potentialAction":[{"@type":"ReadAction","target":["https:\/\/fotografie-pg.de\/cms\/bluetenintermezzo-iii\/"]}]},{"@type":"ImageObject","inLanguage":"de","@id":"https:\/\/fotografie-pg.de\/cms\/bluetenintermezzo-iii\/#primaryimage","url":"https:\/\/fotografie-pg.de\/cms\/wp-content\/uploads\/2015\/11\/PG5_1827-LR.jpg","contentUrl":"https:\/\/fotografie-pg.de\/cms\/wp-content\/uploads\/2015\/11\/PG5_1827-LR.jpg","width":870,"height":580,"caption":"Herbst-\/Japananemone II"},{"@type":"BreadcrumbList","@id":"https:\/\/fotografie-pg.de\/cms\/bluetenintermezzo-iii\/#breadcrumb","itemListElement":[{"@type":"ListItem","position":1,"name":"Home","item":"https:\/\/fotografie-pg.de\/cms\/"},{"@type":"ListItem","position":2,"name":"Bl\u00fcten-Intermezzo III"}]},{"@type":"WebSite","@id":"https:\/\/fotografie-pg.de\/cms\/#website","url":"https:\/\/fotografie-pg.de\/cms\/","name":"fotografie - pg","description":"Momente - Erinnerungen - Emotionen","publisher":{"@id":"https:\/\/fotografie-pg.de\/cms\/#\/schema\/person\/3bfa8b4fdbe329cb32af3efc362fdece"},"potentialAction":[{"@type":"SearchAction","target":{"@type":"EntryPoint","urlTemplate":"https:\/\/fotografie-pg.de\/cms\/?s={search_term_string}"},"query-input":{"@type":"PropertyValueSpecification","valueRequired":true,"valueName":"search_term_string"}}],"inLanguage":"de"},{"@type":["Person","Organization"],"@id":"https:\/\/fotografie-pg.de\/cms\/#\/schema\/person\/3bfa8b4fdbe329cb32af3efc362fdece","name":"pETRA","image":{"@type":"ImageObject","inLanguage":"de","@id":"https:\/\/fotografie-pg.de\/cms\/#\/schema\/person\/image\/","url":"https:\/\/fotografie-pg.de\/cms\/wp-content\/uploads\/2017\/08\/cropped-cropped-logo-org-1.png","contentUrl":"https:\/\/fotografie-pg.de\/cms\/wp-content\/uploads\/2017\/08\/cropped-cropped-logo-org-1.png","width":250,"height":250,"caption":"pETRA"},"logo":{"@id":"https:\/\/fotografie-pg.de\/cms\/#\/schema\/person\/image\/"},"description":"- nicht ohne meine Kamera -","sameAs":["https:\/\/www.facebook.com\/petragertitschke","https:\/\/www.instagram.com\/blue.maris\/"]},{"@type":"Person","@id":"https:\/\/fotografie-pg.de\/cms\/#\/schema\/person\/7af96c24212578b724c22786968af8a7","name":"pETRA","description":"... nicht ohne meine Kamera ...","sameAs":["https:\/\/fotografie-pg.de","https:\/\/www.facebook.com\/petragertitschke"],"url":"https:\/\/fotografie-pg.de\/cms\/author\/petraxa\/"}]}},"uagb_featured_image_src":{"full":["https:\/\/fotografie-pg.de\/cms\/wp-content\/uploads\/2015\/11\/PG5_1827-LR.jpg",870,580,false],"thumbnail":["https:\/\/fotografie-pg.de\/cms\/wp-content\/uploads\/2015\/11\/PG5_1827-LR-270x180.jpg",270,180,true],"medium":["https:\/\/fotografie-pg.de\/cms\/wp-content\/uploads\/2015\/11\/PG5_1827-LR-540x360.jpg",540,360,true],"medium_large":["https:\/\/fotografie-pg.de\/cms\/wp-content\/uploads\/2015\/11\/PG5_1827-LR-768x512.jpg",768,512,true],"large":["https:\/\/fotografie-pg.de\/cms\/wp-content\/uploads\/2015\/11\/PG5_1827-LR.jpg",870,580,false],"1536x1536":["https:\/\/fotografie-pg.de\/cms\/wp-content\/uploads\/2015\/11\/PG5_1827-LR.jpg",870,580,false],"2048x2048":["https:\/\/fotografie-pg.de\/cms\/wp-content\/uploads\/2015\/11\/PG5_1827-LR.jpg",870,580,false]},"uagb_author_info":{"display_name":"pETRA","author_link":"https:\/\/fotografie-pg.de\/cms\/author\/petraxa\/"},"uagb_comment_info":0,"uagb_excerpt":"Jedes Jahr von August bis November &#8211; und immer wieder sch\u00f6n: Die Herbst- bzw. Japananemone = Lieblingsblume, weil sie oft auch im November noch bl\u00fcht. Die Fotos sind Anfang Oktober entstanden. &#8211; zum Vergr\u00f6\u00dfern bitte anklicken","_links":{"self":[{"href":"https:\/\/fotografie-pg.de\/cms\/wp-json\/wp\/v2\/posts\/2450"}],"collection":[{"href":"https:\/\/fotografie-pg.de\/cms\/wp-json\/wp\/v2\/posts"}],"about":[{"href":"https:\/\/fotografie-pg.de\/cms\/wp-json\/wp\/v2\/types\/post"}],"author":[{"embeddable":true,"href":"https:\/\/fotografie-pg.de\/cms\/wp-json\/wp\/v2\/users\/2"}],"replies":[{"embeddable":true,"href":"https:\/\/fotografie-pg.de\/cms\/wp-json\/wp\/v2\/comments?post=2450"}],"version-history":[{"count":0,"href":"https:\/\/fotografie-pg.de\/cms\/wp-json\/wp\/v2\/posts\/2450\/revisions"}],"wp:featuredmedia":[{"embeddable":true,"href":"https:\/\/fotografie-pg.de\/cms\/wp-json\/wp\/v2\/media\/2452"}],"wp:attachment":[{"href":"https:\/\/fotografie-pg.de\/cms\/wp-json\/wp\/v2\/media?parent=2450"}],"wp:term":[{"taxonomy":"category","embeddable":true,"href":"https:\/\/fotografie-pg.de\/cms\/wp-json\/wp\/v2\/categories?post=2450"},{"taxonomy":"post_tag","embeddable":true,"href":"https:\/\/fotografie-pg.de\/cms\/wp-json\/wp\/v2\/tags?post=2450"}],"curies":[{"name":"wp","href":"https:\/\/api.w.org\/{rel}","templated":true}]}}